{"id":5221,"date":"2025-02-23T09:30:06","date_gmt":"2025-02-23T09:30:06","guid":{"rendered":"https:\/\/s-o-s.net\/hucommerce-magyar-woocommerce-kiegeszitesek\/"},"modified":"2025-02-23T09:30:06","modified_gmt":"2025-02-23T09:30:06","slug":"hucommerce-magyar-woocommerce-kiegeszitesek","status":"publish","type":"post","link":"https:\/\/s-o-s.net\/en_gb\/hucommerce-magyar-woocommerce-kiegeszitesek\/","title":{"rendered":"HuCommerce | Magyar WooCommerce kieg\u00e9sz\u00edt\u00e9sek"},"content":{"rendered":"<p> <br \/>\n<\/p>\n<article id=\"post-75959\" class=\"alignwide post-75959 plugin type-plugin status-publish hentry plugin_tags-hungarian plugin_tags-magyar plugin_tags-magyarorszag plugin_tags-webaruhaz plugin_tags-woocommerce plugin_category-ecommerce plugin_contributors-cherrypickstudios plugin_contributors-surbma plugin_contributors-xnagyg plugin_business_model-commercial plugin_committers-cherrypickstudios plugin_committers-surbma plugin_support_reps-cherrypickstudios plugin_support_reps-surbma\">\n<div class=\"plugin-banner\" id=\"plugin-banner-surbma-magyar-woocommerce\"><\/div>\n<header class=\"plugin-header\">\n<div class=\"entry-heading-container\">\n<div>\n<div class=\"entry-thumbnail\">\n\t\t\t\t\t<img decoding=\"async\" class=\"plugin-icon\" srcset=\"https:\/\/ps.w.org\/surbma-magyar-woocommerce\/assets\/icon-128x128.jpg?rev=2541312, https:\/\/ps.w.org\/surbma-magyar-woocommerce\/assets\/icon-256x256.jpg?rev=2541312 2x\" src=\"https:\/\/ps.w.org\/surbma-magyar-woocommerce\/assets\/icon-256x256.jpg?rev=2541312\" alt=\"\">\t\t\t\t<\/div>\n<div>\n<h1 class=\"plugin-title\">HuCommerce | Magyar WooCommerce kieg\u00e9sz\u00edt\u00e9sek<\/h1>\n<p>\t\t\t\t\t<span class=\"byline\">By <span class=\"author vcard\"><a target=\"_blank\" class=\"url fn n\" href=\"https:\/\/profiles.wordpress.org\/surbma\/\" rel=\"noopener\">Surbma<\/a><\/span><\/span>\n\t\t\t\t<\/div>\n<\/p><\/div>\n<div class=\"plugin-actions\">\n<div class=\"wp-block-button is-small plugin-download download-button\"><a target=\"_blank\" class=\"wp-block-button__link wp-element-button\" href=\"https:\/\/downloads.wordpress.org\/plugin\/surbma-magyar-woocommerce.2024.4.0.zip\" rel=\"noopener\">Download<\/a><\/div>\n<\/p><\/div>\n<\/p><\/div>\n<\/header>\n<p><!-- .entry-header --><\/p>\n<p>\t<span id=\"description\"><\/span><br \/>\n\t<span id=\"reviews\"><\/span><br \/>\n\t<span id=\"installation\"><\/span><br \/>\n\t<span id=\"developers\"><\/span><br \/>\n\t<span id=\"advanced\" class=\"\"><\/span><br \/>\n\t<span id=\"section-links\"><\/p>\n<ul class=\"tabs clear\">\n<li id=\"tablink-description\"><a target=\"_blank\" href=\"https:\/\/wordpress.org\/plugins\/surbma-magyar-woocommerce\/#description\" rel=\"noopener\">Details<\/a><\/li>\n<li id=\"tablink-reviews\"><a target=\"_blank\" href=\"https:\/\/wordpress.org\/plugins\/surbma-magyar-woocommerce\/#reviews\" rel=\"noopener\">Reviews<\/a><\/li>\n<li id=\"tablink-installation\">\n\t\t\t\t<a target=\"_blank\" href=\"https:\/\/wordpress.org\/plugins\/surbma-magyar-woocommerce\/#installation\" rel=\"noopener\">Installation<\/a>\n\t\t\t<\/li>\n<li id=\"tablink-developers\"><a target=\"_blank\" href=\"https:\/\/wordpress.org\/plugins\/surbma-magyar-woocommerce\/#developers\" rel=\"noopener\">Development<\/a><\/li>\n<\/ul>\n<div id=\"link-support\">\n\t\t\t<a target=\"_blank\" href=\"https:\/\/wordpress.org\/support\/plugin\/surbma-magyar-woocommerce\/\" rel=\"noopener\">Support<\/a>\n\t\t<\/div>\n<p>\t<\/span><br \/>\n\t<script type=\"text\/javascript\">if ( '#changelog' == window.location.hash ) { window.setTimeout( function() { window.location.hash=\"#developers\"; }, 10 ); }<\/script><\/p>\n<div class=\"entry-content\">\n<div id=\"tab-description\" class=\"plugin-description section\">\n<h2 id=\"description-header\">Description<\/h2>\n<p>A WooCommerce a vil\u00e1g \u00e9s most m\u00e1r Magyarorsz\u00e1g legn\u00e9pszer\u0171bb web\u00e1ruh\u00e1z platformja is. A HuCommerce kieg\u00e9sz\u00edt\u0151vel k\u00f6nnyebben \u00e9s gyorsabban ind\u00edthatod a web\u00e1ruh\u00e1zad, mert a legt\u00f6bb fontos funkci\u00f3t \u00e9s fejleszt\u00e9st egy gombnyom\u00e1ssal helyettes\u00edtheted.<\/p>\n<p>A HuCommerce b\u0151v\u00edtm\u00e9ny ingyenes v\u00e1ltozata most m\u00e1r \u00e9vek \u00f3ta a magyar WooCommerce web\u00e1ruh\u00e1z tulajdonosok kedvenc kieg\u00e9sz\u00edt\u0151je. T\u00f6bb, mint 10000 web\u00e1ruh\u00e1zban megtal\u00e1lhat\u00f3 \u00e9s a let\u00f6lt\u00e9sek sz\u00e1ma folyamatosan n\u0151.<\/p>\n<p>Azon dolgozunk, hogy folyamatosan hasznos funkci\u00f3kkal b\u0151v\u00edts\u00fck ezt a nagyszer\u0171 WooCommerce kieg\u00e9sz\u00edt\u0151t. K\u00e9rlek, t\u00e1mogasd a fejleszt\u00e9st \u00e9s a HuCommerce k\u00f6z\u00f6ss\u00e9get azzal, hogy megv\u00e1s\u00e1rolod a Pro verzi\u00f3t! Ezzel fedezni tudjuk a fejleszt\u00e9si k\u00f6lts\u00e9geket \u00e9s t\u00f6bb id\u0151t tudunk arra ford\u00edtani, hogy a HuCommerce b\u0151v\u00edtm\u00e9ny m\u00e9g jobb legyen \u00e9s m\u00e9g t\u00f6bb hasznod legyen bel\u0151le.<\/p>\n<p>A HuCommerce ingyenes verzi\u00f3ja rengeteg olyan apr\u00f3, hasznos vagy ak\u00e1r jogilag k\u00f6telez\u0151 funkci\u00f3t tartalmaz, ami hi\u00e1nyzik a WooCommerce b\u0151v\u00edtm\u00e9nyb\u0151l. T\u00f6bbek k\u00f6z\u00f6tt rendbe teszi a vezet\u00e9kn\u00e9v \u00e9s keresztn\u00e9v sorrendj\u00e9t \u00e9s az ad\u00f3sz\u00e1m mez\u0151t is hozz\u00e1adja a p\u00e9nzt\u00e1rhoz, de folyamatosan b\u0151v\u00fcl hasonl\u00f3 praktikus, hasznos vagy k\u00f6telez\u0151 funkci\u00f3kkal.<\/p>\n<p>A HuCommerce Pro el\u0151fizet\u00e9s \u00e9ves d\u00edja egy kezd\u0151 magyar fejleszt\u0151 p\u00e1r \u00f3r\u00e1s munkad\u00edja, mik\u00f6zben neked napokat vagy ak\u00e1r h\u00f3napokat sp\u00f3rol meg fejleszt\u00e9si \u00e9s kutat\u00e1si oldalon. Ez a kieg\u00e9sz\u00edt\u0151 a leghasznosabb \u00e9s n\u00e9lk\u00fcl\u00f6zhetetlen funkci\u00f3kkal eg\u00e9sz\u00edti ki a web\u00e1ruh\u00e1zad. A fizet\u0151s konstrukci\u00f3 biztos\u00edtja, hogy folyamatosan b\u0151v\u00fclj\u00f6n \u00fajabb hasznos funkci\u00f3kkal.<\/p>\n<p>A funkci\u00f3k folyamatosan b\u0151v\u00fclnek, de mindenki meg\u00edrhatja a v\u00e9lem\u00e9ny\u00e9t, \u00f6tlet\u00e9t, hogyan tudjuk egyre jobb\u00e1 tenni ezt a b\u0151v\u00edtm\u00e9nyt.<\/p>\n<p><strong>Hasznos linkek:<\/strong><\/p>\n<ul>\n<li><a target=\"_blank\" href=\"https:\/\/www.hucommerce.hu\/bovitmenyek\/hucommerce\/\" rel=\"nofollow ugc noopener\">B\u0151vebben a HuCommerce Pro b\u0151v\u00edtm\u00e9nyr\u0151l <span aria-hidden=\"true\" class=\"wp-exclude-emoji\">\u2192<\/span><\/a><\/li>\n<li><a target=\"_blank\" href=\"https:\/\/www.hucommerce.hu\/modulok\/\" rel=\"nofollow ugc noopener\">B\u0151vebben a HuCommerce modulokr\u00f3l <span aria-hidden=\"true\" class=\"wp-exclude-emoji\">\u2192<\/span><\/a><\/li>\n<li><a target=\"_blank\" href=\"https:\/\/www.hucommerce.hu\/tudasbazis\/\" rel=\"nofollow ugc noopener\">HuCommerce tud\u00e1sb\u00e1zis <span aria-hidden=\"true\" class=\"wp-exclude-emoji\">\u2192<\/span><\/a><\/li>\n<\/ul>\n<p><strong>\u00dcgyf\u00e9lszolg\u00e1lat \u00e9s t\u00e1mogat\u00e1s:<\/strong><\/p>\n<ul>\n<li><a target=\"_blank\" href=\"https:\/\/wordpress.org\/support\/plugin\/surbma-magyar-woocommerce\/\" rel=\"ugc noopener\">WordPress.org f\u00f3rum<\/a><\/li>\n<li><a target=\"_blank\" href=\"https:\/\/www.facebook.com\/groups\/HuCommerce.hu\/\" rel=\"nofollow ugc noopener\">HuCommerce Facebook csoport <span aria-hidden=\"true\" class=\"wp-exclude-emoji\">\u2192<\/span><\/a><\/li>\n<li>A HuCommerce Pro \u00fcgyfelek sz\u00e1m\u00e1ra email \u00e9s live chat csatorn\u00e1kon is biztos\u00edtjuk az \u00fcgyf\u00e9lszolg\u00e1lati \u00fcgyek int\u00e9z\u00e9s\u00e9t \u00e9s a t\u00e1mogat\u00e1st a b\u0151v\u00edtm\u00e9nyhez.<\/li>\n<\/ul>\n<h3>HuCommerce (ingyenes)<\/h3>\n<p>T\u00f6bb, mint 10000 web\u00e1ruh\u00e1z tulajdonos v\u00e1laszt\u00e1sa Magyarorsz\u00e1gon. Rengeteg hasznos funkci\u00f3, k\u00f6telez\u0151 v\u00e1laszt\u00e1s minden magyar WooCommerce web\u00e1ruh\u00e1zhoz.<\/p>\n<p><strong>HuCommerce ingyenes funkci\u00f3i:<\/strong><\/p>\n<ul>\n<li>Vezet\u00e9kn\u00e9v \u00e9s keresztn\u00e9v rendbet\u00e9tele (WooCommerce 4.4 verzi\u00f3 f\u00f6l\u00f6tt is)<\/li>\n<li>Ad\u00f3sz\u00e1m bek\u00e9r\u00e9se v\u00e1s\u00e1rl\u00e1sn\u00e1l<\/li>\n<li>Megye mez\u0151 elrejt\u00e9se<\/li>\n<li>V\u00e1ros automatikus kit\u00f6lt\u00e9se az ir\u00e1ny\u00edt\u00f3sz\u00e1m alapj\u00e1n<\/li>\n<li>P\u00e9nzt\u00e1r oldal m\u00f3dos\u00edt\u00e1sok<\/li>\n<li>Kupon mez\u0151 m\u00f3dos\u00edt\u00e1sok<\/li>\n<li>Plusz\/minusz mennyis\u00e9gi gombok a term\u00e9kekhez<\/li>\n<li>Automatikus friss\u00edt\u00e9s a Kos\u00e1r oldalon<\/li>\n<li>Egy term\u00e9k v\u00e1s\u00e1rl\u00e1sonk\u00e9nt<\/li>\n<li>Kos\u00e1r \u00e1tir\u00e1ny\u00edt\u00e1sa a P\u00e9nzt\u00e1r oldalra<\/li>\n<li>V\u00e1s\u00e1rl\u00e1s folytat\u00e1sa gomb megjelen\u00edt\u00e9se a Kos\u00e1r \u00e9s\/vagy a P\u00e9nzt\u00e1r oldalakon<\/li>\n<li>Bel\u00e9p\u00e9s \u00e9s regisztr\u00e1ci\u00f3 ut\u00e1ni \u00e1tir\u00e1ny\u00edt\u00e1s<\/li>\n<li>Sz\u00e1ll\u00edt\u00e1si m\u00f3dok elrejt\u00e9se<\/li>\n<li>Egyedi \u201cKos\u00e1rba teszem\u201d gombok<\/li>\n<li>Term\u00e9k extra be\u00e1ll\u00edt\u00e1sok<\/li>\n<li>SMTP szolg\u00e1ltat\u00e1s be\u00e1ll\u00edt\u00e1sa<\/li>\n<li>Katal\u00f3gus m\u00f3d<\/li>\n<li>Ford\u00edt\u00e1si hi\u00e1nyoss\u00e1gok jav\u00edt\u00e1sa<\/li>\n<li>WPML \u00e9s Polylang kompatibilit\u00e1s<\/li>\n<li>Alap \u00fcgyf\u00e9lszolg\u00e1lat \u00e9s t\u00e1mogat\u00e1s<\/li>\n<li>Tov\u00e1bbi funkci\u00f3k hamarosan\u2026<\/li>\n<\/ul>\n<h3>HuCommerce Pro (fizet\u0151s)<\/h3>\n<p>A HuCommerce kib\u0151v\u00edtett kiad\u00e1sa, tov\u00e1bbi hasznos \u00e9s folyamatosan b\u0151v\u00fcl\u0151 funkci\u00f3kkal. K\u00e9rlek, t\u00e1mogasd a fejleszt\u00e9st \u00e9s a HuCommerce k\u00f6z\u00f6ss\u00e9get azzal, hogy megv\u00e1s\u00e1rolod a Pro verzi\u00f3t! Ezzel fedezni tudjuk a fejleszt\u00e9si k\u00f6lts\u00e9geket \u00e9s t\u00f6bb id\u0151t tudunk arra ford\u00edtani, hogy a HuCommerce b\u0151v\u00edtm\u00e9ny m\u00e9g jobb legyen \u00e9s m\u00e9g t\u00f6bb hasznod legyen bel\u0151le.<\/p>\n<p><strong>HuCommerce Pro tov\u00e1bbi funkci\u00f3i:<\/strong><\/p>\n<ul>\n<li>P\u00e9nzt\u00e1r mez\u0151k ellen\u0151rz\u00e9se<\/li>\n<li>Ingyenes sz\u00e1ll\u00edt\u00e1s \u00e9rtes\u00edt\u00e9s<\/li>\n<li>Kos\u00e1r \u00fcr\u00edt\u00e9se gomb<\/li>\n<li>Term\u00e9k \u00e1r t\u00f6rt\u00e9net (\u00faj Fogyaszt\u00f3v\u00e9delemi rendelet)<\/li>\n<li>Term\u00e9k \u00e1r kieg\u00e9sz\u00edt\u00e9sek<\/li>\n<li>Jogi megfelel\u00e9s (Fogyaszt\u00f3v\u00e9delem, GDPR, ePrivacy, stb.)<\/li>\n<li>Fizet\u00e9si m\u00f3dok korl\u00e1toz\u00e1sa<\/li>\n<li>Glob\u00e1lis adatok, amiket shortcode-dal lehet b\u00e1rhol megjelen\u00edteni<\/li>\n<li>Kiemelt \u00fcgyf\u00e9lszolg\u00e1lat \u00e9s t\u00e1mogat\u00e1s<\/li>\n<li>Tov\u00e1bbi funkci\u00f3k hamarosan\u2026<\/li>\n<\/ul>\n<h3>HuCommerce kiemelt moduljai \u00e9s r\u00f6vid le\u00edr\u00e1sa:<\/h3>\n<h4>Vezet\u00e9kn\u00e9v \u00e9s keresztn\u00e9v rendbet\u00e9tele (WooCommerce 4.4 verzi\u00f3 f\u00f6l\u00f6tt is)<\/h4>\n<p>A keresztn\u00e9v \u00e9s vezet\u00e9kn\u00e9v sorrendj\u00e9nek a megford\u00edt\u00e1sa, ha a web\u00e1ruh\u00e1z magyar nyelvre van \u00e1ll\u00edtva. Mindezt \u00fagy, hogy reszponz\u00edv n\u00e9zetben is j\u00f3 legyen \u00e9s a CRM, sz\u00e1ml\u00e1z\u00f3 programok is tudj\u00e1k \u00e9rtelmezni.<\/p>\n<p>A megjelen\u00edt\u00e9s kompatibilis a WPML b\u0151v\u00edtm\u00e9nnyel, \u00edgy t\u00f6bbnyelv\u0171 web\u00e1ruh\u00e1zn\u00e1l is j\u00f3 sorrendben jelenik meg a n\u00e9v magyar nyelven.<\/p>\n<p>A n\u00e9v sorrendje a megrendel\u00e9s visszaigazol\u00e1s\u00e1n\u00e1l, a v\u00e1s\u00e1rl\u00f3 fi\u00f3kj\u00e1ban \u00e9s az \u00e9rtes\u00edt\u0151 levelekben is j\u00f3l jelenik meg.<\/p>\n<h4>Ad\u00f3sz\u00e1m bek\u00e9r\u00e9se v\u00e1s\u00e1rl\u00e1sn\u00e1l<\/h4>\n<p>A P\u00e9nzt\u00e1r oldalon a C\u00e9gn\u00e9v mez\u0151 alatt m\u00e1r Ad\u00f3sz\u00e1mot is be lehet k\u00e9rni. Az Ad\u00f3sz\u00e1m mez\u0151 csak akkor jelenik meg, ha a C\u00e9gn\u00e9v mez\u0151be lett \u00edrva. Az ad\u00f3sz\u00e1m ebben az esetben k\u00f6telez\u0151 mez\u0151. Az ad\u00f3sz\u00e1m a rendel\u00e9sen k\u00edv\u00fcl az adott felhaszn\u00e1l\u00f3 profil adatain\u00e1l is elment\u00e9sre ker\u00fcl. Az ad\u00f3sz\u00e1m megjelenik mind a visszaigazol\u00e1son, mind a rendel\u00e9s szerkeszt\u00e9s\u00e9n\u00e9l, valamint az \u00e9rtes\u00edt\u0151 levelekben is.<\/p>\n<p>Maszkol\u00e1s \u00e9s valid\u00e1l\u00e1s is be\u00e1ll\u00edthat\u00f3 az Ad\u00f3sz\u00e1m mez\u0151h\u00f6z \u00e9s placeholder megjelen\u00edt\u00e9se is bekapcsolhat\u00f3, ami azokn\u00e1l a sablonokn\u00e1l nagyon j\u00f3l j\u00f6n, amikn\u00e9l nem jelennek meg a mez\u0151k c\u00edmk\u00e9i.<\/p>\n<h4>P\u00e9nzt\u00e1r mez\u0151k ellen\u0151rz\u00e9se<\/h4>\n<p>Be\u00e1ll\u00edthat\u00f3, hogy a P\u00e9nzt\u00e1r oldalon a Sz\u00e1ml\u00e1z\u00e1si adatokn\u00e1l az Ad\u00f3sz\u00e1m, Ir\u00e1ny\u00edt\u00f3sz\u00e1m \u00e9s Telefonsz\u00e1m mez\u0151ket, a Sz\u00e1ll\u00edt\u00e1si adatokn\u00e1l pedig az Ir\u00e1ny\u00edt\u00f3sz\u00e1mot maszkolja, azaz formai szempontb\u00f3l valid\u00e1lja, illetve a megadott beviteli \u00e9rt\u00e9ket ellen\u0151rizze. \u00cdgy a k\u00f6vetkez\u0151 \u00e9rt\u00e9kek lesznek \u00e9rv\u00e9nyben:<\/p>\n<ul>\n<li>Sz\u00e1ml\u00e1z\u00e1si Ad\u00f3sz\u00e1m: 00000000-0-00 (13 karakter), 00000000000 (11 sz\u00e1m), HU00000000 (HU el\u0151tag \u00e9s 8 sz\u00e1m)<\/li>\n<li>Sz\u00e1ml\u00e1z\u00e1si \u00e9s Sz\u00e1ll\u00edt\u00e1si Ir\u00e1ny\u00edt\u00f3sz\u00e1m: 0000 (4 karakter)<\/li>\n<li>Sz\u00e1ml\u00e1z\u00e1si Telefonsz\u00e1m: +36000000000 (11-12 karakter)<\/li>\n<\/ul>\n<h4>V\u00e1ros automatikus kit\u00f6lt\u00e9se az ir\u00e1ny\u00edt\u00f3sz\u00e1m alapj\u00e1n<\/h4>\n<p>A P\u00e9nzt\u00e1r oldalon az ir\u00e1ny\u00edt\u00f3sz\u00e1m mez\u0151 kit\u00f6lt\u00e9se ut\u00e1n automatikusan megjelen\u00edti a v\u00e1rost. Ha m\u00e1r manu\u00e1lisan lett m\u00f3dos\u00edtva a v\u00e1ros, akkor nem m\u00f3dos\u00edtja az ir\u00e1ny\u00edt\u00f3sz\u00e1m alapj\u00e1n.<\/p>\n<h4>Ford\u00edt\u00e1si hi\u00e1nyoss\u00e1gok jav\u00edt\u00e1sa<\/h4>\n<p>Ideiglenes ford\u00edt\u00e1si hi\u00e1nyoss\u00e1gok jav\u00edt\u00e1sa a WooCommerce b\u0151v\u00edtm\u00e9nyhez \u00e9s a legn\u00e9pszer\u0171bb sablonokhoz (Divi, Storefront), am\u00edg a hivatalos ford\u00edt\u00e1sban esetleg nem jelenik meg vagy nem friss\u00edti a rendszer. \u00c9n hivatalos szerkeszt\u0151je is vagyok a magyar WooCommerce ford\u00edt\u00e1si csapat\u00e1nak, ez\u00e9rt ott sokmindent megcsin\u00e1lok, de n\u00e9ha sz\u00fcks\u00e9g van erre a kis tr\u00fckkre.<\/p>\n<h4>Jogi megfelel\u00e9s (Fogyaszt\u00f3v\u00e9delem, GDPR, ePrivacy, stb.)<\/h4>\n<p>Lehet\u0151s\u00e9g van az \u00c1ltal\u00e1nos Szerz\u0151d\u00e9si Felt\u00e9telek \u00e9s az Adatkezel\u00e9si t\u00e1j\u00e9koztat\u00f3 akt\u00edv cselekv\u00e9sen alapul\u00f3 elfogadtat\u00e1s\u00e1ra, azaz ki kell pip\u00e1lnia a v\u00e1s\u00e1rl\u00f3nak ezek elfogad\u00e1s\u00e1t, miel\u0151tt a rendel\u00e9st leadhatn\u00e1. Az adatok a rendel\u00e9sekn\u00e9l ker\u00fclnek elment\u00e9sre \u00e9s a rendel\u00e9s szerkeszt\u00e9se oldalon megjelenik az elfogadott st\u00e1tusz. Ebben az esetben a v\u00e1s\u00e1rl\u00f3 profil adatain\u00e1l nem ker\u00fcl elment\u00e9sre az elfogad\u00e1s, \u00edgy azt bejelentkezve is minden v\u00e1s\u00e1rl\u00e1s alkalm\u00e1val el kell fogadnia.<\/p>\n<p>Opcion\u00e1lis a k\u00e9t mez\u0151 haszn\u00e1lata, \u00edgy ha valakinek csak az egyik elfogadtat\u00e1s\u00e1ra \u00e9s meger\u0151s\u00edt\u00e9s\u00e9re van sz\u00fcks\u00e9ge, akkor egyik vagy m\u00e1sik kikapcsolhat\u00f3.<\/p>\n<p>Tov\u00e1bbi k\u00e9t extra mez\u0151 is hozz\u00e1adhat\u00f3, amihez teljesen szabadon lehet sz\u00f6veget, linket megadni. Ezekre tov\u00e1bbi jogi megfelel\u00e9s c\u00e9lj\u00e1b\u00f3l lehet sz\u00fcks\u00e9g, ha az adott web\u00e1ruh\u00e1z megk\u00f6veteli ezt. Amennyiben b\u00e1rmelyik mez\u0151 aktiv\u00e1lva lett, azok mindenk\u00e9ppen k\u00f6telez\u0151ek.<\/p>\n<p>A P\u00e9nzt\u00e1r oldalon a Megrendel\u00e9s gomb f\u00f6l\u00f6tt \u00e9s\/vagy alatt k\u00f6zvetlen\u00fcl elhelyezhet\u0151 jogi sz\u00f6veg, ami esetleg fontos vagy k\u00f6telez\u0151 eleme a v\u00e1s\u00e1rl\u00e1si folyamatnak. Ilyen p\u00e9ld\u00e1ul a t\u00e1voll\u00e9v\u0151k k\u00f6z\u00f6tti szerz\u0151d\u00e9shez sz\u00fcks\u00e9ges tudom\u00e1sulv\u00e9tel vagy a \u201cfizet\u00e9si k\u00f6telezetts\u00e9ggel j\u00e1r\u00f3 megrendel\u00e9s\u201d k\u00f6telez\u0151 megjelen\u00edt\u00e9se a megrendel\u00e9s sor\u00e1n.<\/p>\n<p>A regisztr\u00e1ci\u00f3s \u0171rlapn\u00e1l is k\u00e9rhet\u0151 az Adatkezel\u00e9si T\u00e1j\u00e9koztat\u00f3 k\u00f6telez\u0151 elfogadtat\u00e1sa. Ez az adat m\u00e1r elment\u00e9sre ker\u00fcl a felhaszn\u00e1l\u00f3 profil adatain\u00e1l. K\u00fcl\u00f6n be\u00e1ll\u00edthat\u00f3, hogy a felhaszn\u00e1l\u00f3 IP c\u00edm\u00e9t is elmentse a rendszer. A regisztr\u00e1ci\u00f3s adatokat (elfogad\u00e1s t\u00e9nye, regisztr\u00e1ci\u00f3 d\u00e1tuma, IP c\u00edm) mind az admin fel\u00fcleten, mind pedig a felhaszn\u00e1l\u00f3 fi\u00f3kadatain\u00e1l megjelen\u00edti, de ezek a mez\u0151k nem m\u00f3dos\u00edthat\u00f3k sem a felhaszn\u00e1l\u00f3k, sem az adminisztr\u00e1torok r\u00e9sz\u00e9r\u0151l.<\/p>\n<blockquote>\n<p><strong>FIGYELEM!<\/strong> A web\u00e1ruh\u00e1z jogi megfelel\u00e9se az aktu\u00e1lis t\u00f6rv\u00e9nyeknek \u00e9s adatv\u00e9delmi rendeleteknek minden esetben a web\u00e1ruh\u00e1z tulajdonos\u00e1nak a felel\u0151ss\u00e9ge. Ez az opci\u00f3 nem mentes\u00edt senkit sem az al\u00f3l, hogy a megfelel\u00e9st fel\u00fclvizsg\u00e1ltassa szak\u00e9rt\u0151vel vagy jog\u00e1sszal. A fejleszt\u0151k nem v\u00e1llalnak semmilyen felel\u0151ss\u00e9get a web\u00e1ruh\u00e1z jogi megfelel\u00e9s\u00e9\u00e9rt.<\/p>\n<\/blockquote>\n<h4>Term\u00e9k \u00e1r t\u00f6rt\u00e9net (\u00faj Fogyaszt\u00f3v\u00e9delemi rendelet: 4\/2009. (I. 30.) NFGM-SZMM egy\u00fcttes rendelet 2\/A. \u00a7)<\/h4>\n<p>Ez a modul nincs minden k\u00f6r\u00fclm\u00e9ny k\u00f6z\u00f6tt tesztelve \u00e9s nem tudja 100%-ban teljes\u00edteni a funkcion\u00e1lis \u00e9s\/vagy jogi ig\u00e9nyeket, felt\u00e9teleket. Ez\u00e9rt a haszn\u00e1lata eset\u00e9n fokozott figyelmet ig\u00e9nyel.<\/p>\n<blockquote>\n<p><strong>FIGYELEM!<\/strong> A HuCommerce \u00fcgyf\u00e9lszolg\u00e1lat\u00e1ra bek\u00fcld\u00f6tt visszajelz\u00e9sek \u00e9s javaslatok jelent\u0151sen gyors\u00edtj\u00e1k a modul fejleszt\u00e9s\u00e9t, ez\u00e9rt sz\u00edvesen v\u00e1rjuk az ilyen t\u00e9m\u00e1j\u00fa megkeres\u00e9seket. K\u00f6sz\u00f6nj\u00fck!<\/p>\n<\/blockquote>\n<p>Az Eur\u00f3pai Uni\u00f3 ter\u00fclet\u00e9n, \u00edgy Magyarorsz\u00e1gon is 2022. m\u00e1jus 28-t\u00f3l egys\u00e9ges szab\u00e1lyok vonatkoznak az \u00e1rcs\u00f6kkent\u00e9sre.<\/p>\n<p>Az \u00faj szab\u00e1lyoz\u00e1s c\u00e9lja annak megakad\u00e1lyoz\u00e1sa, hogy a keresked\u0151k megt\u00e9veszt\u0151 \u00e1rcs\u00f6kkent\u00e9seket alkalmazzanak azzal, hogy az akci\u00f3k el\u0151tt megemelj\u00e9k a kor\u00e1bbi \u00e1rat \u00e9s ez\u00e1ltal megt\u00e9vessz\u00e9k a fogyaszt\u00f3kat az \u00e1rengedm\u00e9ny m\u00e9rt\u00e9k\u00e9vel kapcsolatban.<\/p>\n<blockquote>\n<p>A 93\/13\/EGK tan\u00e1csi ir\u00e1nyelvnek, valamint a 98\/6\/EK, a 2005\/29\/EK \u00e9s a 2011\/83\/EU eur\u00f3pai parlamenti \u00e9s tan\u00e1csi ir\u00e1nyelvnek az uni\u00f3s fogyaszt\u00f3v\u00e9delmi szab\u00e1lyok hat\u00e9konyabb v\u00e9grehajt\u00e1sa \u00e9s korszer\u0171s\u00edt\u00e9se tekintet\u00e9ben t\u00f6rt\u00e9n\u0151 m\u00f3dos\u00edt\u00e1s\u00e1r\u00f3l sz\u00f3l\u00f3, 2019. november 27-i (EU) 2019\/2161 eur\u00f3pai parlamenti \u00e9s tan\u00e1csi ir\u00e1nyelv \u00e9rintett rendelkez\u00e9sei a term\u00e9kek elad\u00e1si \u00e1ra \u00e9s egys\u00e9g\u00e1ra, tov\u00e1bb\u00e1 a szolg\u00e1ltat\u00e1sok d\u00edja felt\u00fcntet\u00e9s\u00e9nek r\u00e9szletes szab\u00e1lyair\u00f3l sz\u00f3l\u00f3 4\/2009. (I. 30.) NFGM-SZMM egy\u00fcttes rendelet (a tov\u00e1bbiakban: \u00c1rrendelet) 2\/A. \u00a7-\u00e1ban ker\u00fcltek \u00e1t\u00fcltet\u00e9s\u00e9re.<\/p>\n<\/blockquote>\n<p>Ez a modul biztos\u00edtja a rendeletnek val\u00f3 megfelel\u00e9st. A term\u00e9khez kapcsol\u00f3d\u00f3 \u00e1rak folyamatos ment\u00e9s\u00e9vel \u00e9s annak statisztikai megjelen\u00edt\u00e9s\u00e9vel egy \u00e1tfog\u00f3 k\u00e9pet ad a web\u00e1ruh\u00e1z tulajdonosnak az \u00e1rv\u00e1ltoz\u00e1s \u00e9s az aktu\u00e1lis kedvezm\u00e9ny rendelet alapj\u00e1n t\u00f6rt\u00e9n\u0151 meghat\u00e1roz\u00e1s\u00e1r\u00f3l. A modul minden term\u00e9khez l\u00e9trehoz egy adatlapot, ahol t\u00e1bl\u00e1zatban \u00e9s vonal diagramon is mutatja az adatokat. A teljes adatb\u00e1zis itt JSON \u00e9s CSV form\u00e1tumban kim\u00e1solhat\u00f3.<\/p>\n<p>A term\u00e9k v\u00e9goldalon pedig automatikusan l\u00e9trehozott \u00e9s sz\u00e1molt vagy manu\u00e1lisan megadott sz\u00f6veg is megadhat\u00f3, ami biztos\u00edtja a l\u00e1togat\u00f3k megfelel\u0151 inform\u00e1ci\u00f3val val\u00f3 ell\u00e1t\u00e1s\u00e1t. Ez\u00e1ltal tud megfelelni a web\u00e1ruh\u00e1z a Fogyaszt\u00f3v\u00e9delmi elv\u00e1r\u00e1soknak.<\/p>\n<h4>P\u00e9nzt\u00e1r oldal m\u00f3dos\u00edt\u00e1sok<\/h4>\n<p>C\u00e9ges sz\u00e1ml\u00e1z\u00e1si adatok felt\u00e9teles megjelen\u00edt\u00e9se. Ebben az esetben egy checkbox jelenik meg \u00e9s ha a l\u00e1togat\u00f3 bepip\u00e1lja, akkor jelennek csak meg a c\u00e9ges sz\u00e1ml\u00e1z\u00e1s mez\u0151i, mint p\u00e9ld\u00e1ul a C\u00e9gn\u00e9v \u00e9s Ad\u00f3sz\u00e1m.<\/p>\n<p>A C\u00e9gn\u00e9v \u00e9s Ad\u00f3sz\u00e1m mez\u0151k felt\u00e9teles megjelen\u00edt\u00e9se csak akkor, ha a sz\u00e1ml\u00e1z\u00e1si c\u00edm Magyarorsz\u00e1g. Minden m\u00e1s orsz\u00e1g eset\u00e9ben elrejti ezeket a mez\u0151ket.<\/p>\n<p>A C\u00e9gn\u00e9v \u00e9s Ad\u00f3sz\u00e1m, az Ir\u00e1ny\u00edt\u00f3sz\u00e1m \u00e9s V\u00e1ros, valamint a Telefonsz\u00e1m \u00e9s Email c\u00edm mez\u0151ket nagy monitoron be lehet \u00e1ll\u00edtani, hogy egym\u00e1s mell\u00e9 ker\u00fcljenek. Az Ir\u00e1ny\u00edt\u00f3sz\u00e1m \u00e9s V\u00e1ros mez\u0151k az Orsz\u00e1g mez\u0151 alatt jelennek meg k\u00f6zvetlen\u00fcl, hogy logikusabb legyen a megjelen\u00e9si sorrend.<\/p>\n<p>Az Orsz\u00e1g \u00e9s a Rendel\u00e9s jegyzetek mez\u0151ket ak\u00e1r ki is lehet kapcsolni, ha ezek a mez\u0151k nem relev\u00e1nsak a te web\u00e1ruh\u00e1zadn\u00e1l. Ha az Orsz\u00e1g mez\u0151t elrejted, akkor a Bolt be\u00e1ll\u00edt\u00e1sain\u00e1l kiv\u00e1lasztott orsz\u00e1g lesz alap\u00e9rtelmezettk\u00e9nt be\u00e1ll\u00edtva megrendel\u00e9sn\u00e9l.<\/p>\n<h4>Plusz\/m\u00ednusz mennyis\u00e9gi gombok a term\u00e9kekhez<\/h4>\n<p>A WooCommerce alapb\u00f3l csak egy sz\u00e1m t\u00edpus\u00fa mez\u0151t haszn\u00e1l a term\u00e9kek mennyis\u00e9g\u00e9n\u00e9l, de ez felhaszn\u00e1l\u00f3i szemmel n\u00e9zve nem el\u00e9g. Ez a funkci\u00f3 a mennyis\u00e9gi mez\u0151 el\u00e9 \u00e9s ut\u00e1n betesz egy plusz\/minusz gombot, amivel a felhaszn\u00e1l\u00f3k k\u00f6nnyed\u00e9n tudj\u00e1k v\u00e1ltoztatni a mennyis\u00e9get mind a term\u00e9k v\u00e9goldalon, mind pedig a kos\u00e1r \u00f6sszegz\u00e9s oldal\u00e1n.<\/p>\n<h4>Automatikus friss\u00edt\u00e9s a Kos\u00e1r oldalon<\/h4>\n<p>A Kos\u00e1r oldalon a term\u00e9kek mennyis\u00e9g\u00e9nek a m\u00f3dos\u00edt\u00e1sakor nincs sz\u00fcks\u00e9g a \u201cKos\u00e1r friss\u00edt\u00e9se\u201d gomb megnyom\u00e1s\u00e1ra a darabsz\u00e1m m\u00f3dos\u00edt\u00e1sa ut\u00e1n, mert \u00edgy automatikusan friss\u00fcl a Kos\u00e1r tartalma.<\/p>\n<h4>Egy term\u00e9k v\u00e1s\u00e1rl\u00e1sonk\u00e9nt<\/h4>\n<p>A modul bekapcsol\u00e1s\u00e1val a l\u00e1togat\u00f3k egy adott v\u00e1s\u00e1rl\u00e1si folyamatban csak egy term\u00e9ket tudnak a kos\u00e1rba tenni \u00e9s megv\u00e1s\u00e1rolni. Tov\u00e1bbi v\u00e1s\u00e1rl\u00e1shoz \u00fajabb rendel\u00e9st kell leadniuk.<\/p>\n<h4>Kos\u00e1r \u00e1tir\u00e1ny\u00edt\u00e1sa a P\u00e9nzt\u00e1r oldalra<\/h4>\n<p>A modul lehet\u0151v\u00e9 teszi, hogy a Kos\u00e1r oldal automatikusan a P\u00e9nzt\u00e1r oldalra legyen ir\u00e1ny\u00edtva, ezzel is gyors\u00edtva a v\u00e1s\u00e1rl\u00e1si folyamatot. Mindegy, hogy melyik oldalt haszn\u00e1lod Kos\u00e1r oldalk\u00e9nt vagy P\u00e9nzt\u00e1r oldalk\u00e9nt, az \u00e1tir\u00e1ny\u00edt\u00e1s mindig m\u0171k\u00f6dni fog.<\/p>\n<h4>V\u00e1s\u00e1rl\u00e1s folytat\u00e1sa gomb megjelen\u00edt\u00e9se a Kos\u00e1r \u00e9s\/vagy a P\u00e9nzt\u00e1r oldalakon<\/h4>\n<p>A Kos\u00e1r \u00e9s a P\u00e9nzt\u00e1r oldalakon megjelen\u00edthet\u0151 egy plusz V\u00e1s\u00e1rl\u00e1s folytat\u00e1sa gomb, ami az \u00fczlet oldalra viszi a l\u00e1togat\u00f3kat, hogy esetleg m\u00e9g tov\u00e1bb v\u00e1logassanak a term\u00e9kek k\u00f6z\u00f6tt. Sokszor csak k\u00edv\u00e1ncsis\u00e1gb\u00f3l kattintanak a l\u00e1togat\u00f3k a Kos\u00e1r gombra, de m\u00e9g nem fejezt\u00e9k be a v\u00e1s\u00e1rl\u00e1sukat.<\/p>\n<p>A gombok poz\u00edci\u00f3ja mind a Kos\u00e1r, mind a P\u00e9nzt\u00e1r oldalon be\u00e1ll\u00edthat\u00f3, valamint van lehet\u0151s\u00e9g egyedi \u00fczenet megjelen\u00edt\u00e9s\u00e9re is bizonyos poz\u00edci\u00f3kban.<\/p>\n<h4>Bel\u00e9p\u00e9s \u00e9s regisztr\u00e1ci\u00f3 ut\u00e1ni \u00e1tir\u00e1ny\u00edt\u00e1s<\/h4>\n<p>Be\u00e1ll\u00edthat\u00f3, hogy a l\u00e1togat\u00f3k a bel\u00e9p\u00e9s \u00e9s regisztr\u00e1ci\u00f3 ut\u00e1n a meghat\u00e1rozott oldalra legyenek automatikusan \u00e1tir\u00e1ny\u00edtva. A bel\u00e9p\u00e9shez \u00e9s regisztr\u00e1ci\u00f3hoz k\u00fcl\u00f6n-k\u00fcl\u00f6n \u00e1ll\u00edthat\u00f3 be a c\u00e9l URL. A P\u00e9nzt\u00e1r oldalon nem veszi figyelembe az egyedi be\u00e1ll\u00edt\u00e1st, hogy ott ne zavarja a v\u00e1s\u00e1rl\u00e1s befejez\u00e9s\u00e9t.<\/p>\n<h4>Ingyenes sz\u00e1ll\u00edt\u00e1s \u00e9rtes\u00edt\u00e9s<\/h4>\n<p>A term\u00e9k listaoldalakon, illetve a Kos\u00e1r \u00e9s P\u00e9nzt\u00e1r oldalakon jelen\u00edthet\u0151 meg az \u00e9rtes\u00edt\u00e9s, hogy mennyi v\u00e1s\u00e1rl\u00e1si \u00f6sszeg hi\u00e1nyzik m\u00e9g az ingyenes sz\u00e1ll\u00edt\u00e1shoz. A sz\u00f6veg m\u00f3dos\u00edthat\u00f3 \u00e9s t\u00f6bbnyelv\u0171s\u00edthet\u0151.<\/p>\n<h4>Sz\u00e1ll\u00edt\u00e1si m\u00f3dok elrejt\u00e9se<\/h4>\n<p>Ingyenes sz\u00e1ll\u00edt\u00e1s eset\u00e9n ezzel a modullal elrejtheted az \u00f6sszes nem relev\u00e1ns sz\u00e1ll\u00edt\u00e1si m\u00f3dot. Lehet\u0151s\u00e9ged van a szem\u00e9lyes \u00e1tv\u00e9tel \u00e9s a \u201cpont\u201d sz\u00e1ll\u00edt\u00e1si m\u00f3dok megtart\u00e1s\u00e1ra is.<\/p>\n<h4>Egyedi \u201cKos\u00e1rba teszem\u201d gombok<\/h4>\n<p>Lehet\u0151s\u00e9ged van teljesen egyedi sz\u00f6vegek megad\u00e1s\u00e1ra a \u201cKos\u00e1rba teszem\u201d sz\u00f6veg helyett. S\u0151t a k\u00fcl\u00f6nb\u00f6z\u0151 term\u00e9k t\u00edpusok (egyszer\u0171, el\u0151fizet\u00e9s, tags\u00e1g, stb.) eset\u00e9n k\u00fcl\u00f6nb\u00f6z\u0151 sz\u00f6vegeket is megadhatsz.<\/p>\n<h4>Kos\u00e1r \u00fcr\u00edt\u00e9se gomb<\/h4>\n<p>A Kos\u00e1r \u00e9s P\u00e9nzt\u00e1r oldalakon elhelyezhet\u0151 gombbal a v\u00e1s\u00e1rl\u00f3 egy kattint\u00e1sra tudja t\u00f6r\u00f6lni az \u00f6sszes kos\u00e1rban l\u00e9v\u0151 term\u00e9ket. A gomb csak akkor jelenik meg, ha minimum 2 term\u00e9k van a kos\u00e1rban. A v\u00e9letlen t\u00f6rl\u00e9s elker\u00fcl\u00e9se v\u00e9gett a teljes t\u00f6rl\u00e9st meg kell er\u0151s\u00edtenie a v\u00e1s\u00e1rl\u00f3nak.<\/p>\n<h4>Term\u00e9k \u00e1r kieg\u00e9sz\u00edt\u00e9sek<\/h4>\n<p>A Term\u00e9kek \u00e1r\u00e1hoz lehet be\u00e1ll\u00edtani el\u0151- \u00e9s ut\u00f3tagokat. El\u0151tag lehet p\u00e9ld\u00e1ul a \u201cCsak ma\u201d, \u201cNett\u00f3\u201d stb., ut\u00f3tag pedig lehet a \u201c\/ p\u00e1r\u201d, \u201c\/ kg\u201d, \u201c(darab\u00e1r)\u201d vagy b\u00e1rmi, ami az adott term\u00e9k \u00e1r\u00e1ra jellemz\u0151. Az el\u0151tagot \u00e9s ut\u00f3tagot a HuCommerce be\u00e1ll\u00edt\u00e1sain\u00e1l glob\u00e1lisan lehet be\u00e1ll\u00edtani, azaz az ott megadott \u00e9rt\u00e9kek minden term\u00e9kn\u00e9l meg fognak jelenni. Ezt a glob\u00e1lis be\u00e1ll\u00edt\u00e1st minden term\u00e9kn\u00e9l egyes\u00e9vel fel\u00fcl lehet \u00edrni, ahol egyedi el\u0151- \u00e9s ut\u00f3tagok is megadhat\u00f3k vagy \u00e9ppen letilthat\u00f3k adott term\u00e9kn\u00e9l. Az el\u0151tagokat \u00e9s ut\u00f3tagokat k\u00fcl\u00f6n lehet meghat\u00e1rozni a gy\u00fcjt\u0151 (arch\u00edvum) oldalakhoz \u00e9s a term\u00e9k v\u00e9goldalakhoz.<\/p>\n<h4>Term\u00e9k extra be\u00e1ll\u00edt\u00e1sok<\/h4>\n<p>\u00daj lehet\u0151s\u00e9gekkel b\u0151v\u00fclnek a Term\u00e9kekhez kapcsol\u00f3d\u00f3 be\u00e1ll\u00edt\u00e1sok. Ez a funkci\u00f3 folyamatosan fog b\u0151v\u00fclni.<\/p>\n<p><strong>Jelenleg ezek a lehet\u0151s\u00e9gek lettek be\u00e9p\u00edtve:<\/strong><\/p>\n<ul>\n<li>Kos\u00e1rba tesz gomb \u2013 A term\u00e9k lista oldalakon az egyes term\u00e9kekhez hozz\u00e1 lehet adni a Kos\u00e1rba tesz gombot.<\/li>\n<li>Term\u00e9k alc\u00edm hozz\u00e1ad\u00e1sa \u2013 Egyedi alc\u00edmek adhat\u00f3k a Term\u00e9kekhez, melyek a listaoldalon \u00e9s a Term\u00e9k v\u00e9goldalon is megjelennek. Az alc\u00edm a c\u00edm heading HTML k\u00f3dj\u00e1ba lesz illesztve k\u00fcl\u00f6n, szemantikus megjel\u00f6l\u00e9ssel. Ezt fontos figyelembe venni keres\u0151optimaliz\u00e1l\u00e1si (SEO) szempontb\u00f3l is!<\/li>\n<li>Kapcsol\u00f3d\u00f3 term\u00e9kek kikapcsol\u00e1sa a term\u00e9k v\u00e9goldalakon<\/li>\n<li>Term\u00e9k lista oldal: term\u00e9kek sz\u00e1m\u00e1nak be\u00e1ll\u00edt\u00e1sa oldalank\u00e9nt<\/li>\n<li>Term\u00e9k lista oldal: oszlopok sz\u00e1m\u00e1nak be\u00e1ll\u00edt\u00e1sa<\/li>\n<li>Upsell term\u00e9kek sz\u00e1ma a term\u00e9k v\u00e9goldalakon<\/li>\n<li>Upsell term\u00e9kek sz\u00e1ma soronk\u00e9nt a term\u00e9k v\u00e9goldalakon<\/li>\n<li>Kapcsol\u00f3d\u00f3 term\u00e9kek sz\u00e1ma a term\u00e9k v\u00e9goldalakon<\/li>\n<li>Kapcsol\u00f3d\u00f3 term\u00e9kek sz\u00e1ma soronk\u00e9nt a term\u00e9k v\u00e9goldalakon<\/li>\n<\/ul>\n<h4>Fizet\u00e9si m\u00f3dok korl\u00e1toz\u00e1sa<\/h4>\n<p>Minden v\u00e1s\u00e1rl\u00f3n\u00e1l k\u00fcl\u00f6n \u00e1ll\u00edthatod be, hogy milyen fizet\u00e9si m\u00f3dot v\u00e1laszthat a P\u00e9nzt\u00e1r oldalon. \u00cdgy k\u00f6nnyed\u00e9n kikapcsolhatsz egy-egy fizet\u00e9si m\u00f3dot mondjuk azokn\u00e1l a v\u00e1s\u00e1rl\u00f3kn\u00e1l, akikn\u00e9l rendszeres volt az ut\u00e1nv\u00e9tes rendel\u00e9s eset\u00e9n a nem fizet\u00e9s \u00e9s el\u00e1ll\u00e1s. De b\u00e1rmilyen m\u00e1s okb\u00f3l is kikapcsolhatsz bizonyos fizet\u00e9si m\u00f3dokat adott v\u00e1s\u00e1rl\u00f3kn\u00e1l.<\/p>\n<h4>SMTP szolg\u00e1ltat\u00e1s be\u00e1ll\u00edt\u00e1sa<\/h4>\n<p>Minden web\u00e1ruh\u00e1zban fontos a kommunik\u00e1ci\u00f3 az \u00e9rdekl\u0151d\u0151vel \u00e9s v\u00e1s\u00e1rl\u00f3val mind a v\u00e1s\u00e1rl\u00e1s el\u0151tt, mind pedig a megrendel\u00e9s lead\u00e1sa ut\u00e1n. Ez\u00e9rt nagyon fontos, hogy a levelek k\u00e9zbes\u00edt\u00e9se biztons\u00e1gos \u00e9s megb\u00edzhat\u00f3 legyen. Ezt a k\u00fcls\u0151 SMTP szolg\u00e1ltat\u00f3k tudj\u00e1k biztos\u00edtani, mint p\u00e9ld\u00e1ul a Mailgun vagy Sendgrid.<\/p>\n<p>A HuCommerce Pro SMTP be\u00e1ll\u00edt\u00e1s\u00e1val \u00f6sszekapcsolhatod a web\u00e1ruh\u00e1zad levelez\u00e9s\u00e9t az SMTP szolg\u00e1ltat\u00f3val.<\/p>\n<h4>Katal\u00f3gus m\u00f3d<\/h4>\n<p>Ezzel a modullal az \u00e9rt\u00e9kes\u00edt\u00e9shez kapcsol\u00f3d\u00f3 funkci\u00f3k \u00e9s oldalak kapcsolhat\u00f3k ki. Teh\u00e1t a term\u00e9keket nem lehet kos\u00e1rba tenni, nincs P\u00e9nzt\u00e1r oldal vagy fi\u00f3k kezel\u00e9s. A weboldal \u00e9s a WooCommerce \u00edgy katal\u00f3gusk\u00e9nt haszn\u00e1lhat\u00f3.<\/p>\n<\/div>\n<div id=\"tab-installation\" class=\"plugin-installation section\">\n<h2 id=\"installation-header\">Installation<\/h2>\n<h3>Automatikus telep\u00edt\u00e9s<\/h3>\n<ol>\n<li>A \u201cB\u0151v\u00edtm\u00e9nyek -&gt; \u00daj hozz\u00e1ad\u00e1sa\u201d men\u00fcpont alatt keress r\u00e1 a <em>HuCommerce | Magyar WooCommerce kieg\u00e9sz\u00edt\u00e9sek<\/em> b\u0151v\u00edtm\u00e9nyre.<\/li>\n<li>A b\u0151v\u00edtm\u00e9ny doboz\u00e1ban kattints a \u201cTelep\u00edt\u00e9s most\u201d gombra.<\/li>\n<li>Telep\u00edt\u00e9s ut\u00e1n ugyanebben a dobozban kattints a \u201cBekapcsol\u201d gombra, hogy aktiv\u00e1ld a <em>HuCommerce | Magyar WooCommerce kieg\u00e9sz\u00edt\u00e9sek<\/em> b\u0151v\u00edtm\u00e9nyt.<\/li>\n<li>A \u201cWooCommerce -&gt; HuCommerce\u201d men\u00fcpont alatt \u00e1ll\u00edtsd be, hogy melyik modult szeretn\u00e9d haszn\u00e1lni.<\/li>\n<li>Ennyi az eg\u00e9sz. \ud83d\ude42<\/li>\n<\/ol>\n<h3>Manu\u00e1lis telep\u00edt\u00e9s az admin fel\u00fcleten<\/h3>\n<ol>\n<li>T\u00f6ltsd le a b\u0151v\u00edtm\u00e9nyt: <a target=\"_blank\" href=\"https:\/\/downloads.wordpress.org\/plugin\/surbma-magyar-woocommerce.zip\" rel=\"nofollow ugc noopener\">HuCommerce | Magyar WooCommerce kieg\u00e9sz\u00edt\u00e9sek<\/a><\/li>\n<li>T\u00f6ltsd fel a <code>surbma-magyar-woocommerce.zip<\/code> f\u00e1jlt a \u201cB\u0151v\u00edtm\u00e9nyek -&gt; \u00daj hozz\u00e1ad\u00e1sa\u201d men\u00fcpont alatt a \u201cB\u0151v\u00edtm\u00e9ny felt\u00f6lt\u00e9se\u201d gombra kattintva.<\/li>\n<li>Aktiv\u00e1ld a <em>HuCommerce | Magyar WooCommerce kieg\u00e9sz\u00edt\u00e9sek<\/em> b\u0151v\u00edtm\u00e9nyt a felt\u00f6lt\u00e9s ut\u00e1n.<\/li>\n<li>A \u201cWooCommerce -&gt; HuCommerce\u201d men\u00fcpont alatt \u00e1ll\u00edtsd be, hogy melyik modult szeretn\u00e9d haszn\u00e1lni.<\/li>\n<li>Ennyi az eg\u00e9sz. \ud83d\ude42<\/li>\n<\/ol>\n<h3>Manu\u00e1lis telep\u00edt\u00e9s FTP haszn\u00e1lat\u00e1val<\/h3>\n<ol>\n<li>T\u00f6ltsd le a b\u0151v\u00edtm\u00e9nyt: <a target=\"_blank\" href=\"https:\/\/downloads.wordpress.org\/plugin\/surbma-magyar-woocommerce.zip\" rel=\"nofollow ugc noopener\">HuCommerce | Magyar WooCommerce kieg\u00e9sz\u00edt\u00e9sek<\/a><\/li>\n<li>T\u00f6m\u00f6r\u00edtsd ki a zip f\u00e1jlt a sz\u00e1m\u00edt\u00f3g\u00e9peden.<\/li>\n<li>T\u00f6ltsd fel a <code>surbma-magyar-woocommerce<\/code> mapp\u00e1t a <code>\/wp-content\/plugins\/<\/code> mapp\u00e1ba.<\/li>\n<li>Aktiv\u00e1ld a <em>HuCommerce | Magyar WooCommerce kieg\u00e9sz\u00edt\u00e9sek<\/em> b\u0151v\u00edtm\u00e9nyt a \u201cB\u0151v\u00edtm\u00e9nyek\u201d men\u00fcpont alatt a WordPress admin fel\u00fcleten.<\/li>\n<li>A \u201cWooCommerce -&gt; HuCommerce\u201d men\u00fcpont alatt \u00e1ll\u00edtsd be, hogy melyik modult szeretn\u00e9d haszn\u00e1lni.<\/li>\n<li>Ennyi az eg\u00e9sz. \ud83d\ude42<\/li>\n<\/ol>\n<\/div>\n<div id=\"faq\" class=\"plugin-faq section\">\n<h2 id=\"faq-header\">FAQ<\/h2>\n<dl>\n<dt id=\"hol%20tal%C3%A1lom%20a%20b%C5%91v%C3%ADtm%C3%A9ny%20be%C3%A1ll%C3%ADt%C3%A1sait%3F\">\n<h3>Hol tal\u00e1lom a b\u0151v\u00edtm\u00e9ny be\u00e1ll\u00edt\u00e1sait?<\/h3>\n<\/dt>\n<dd>\n<p>A <em>HuCommerce | Magyar WooCommerce kieg\u00e9sz\u00edt\u00e9sek<\/em> b\u0151v\u00edtm\u00e9ny be\u00e1ll\u00edt\u00e1sait a \u201cWooCommerce -&gt; HuCommerce\u201d men\u00fcpont alatt \u00e9red el.<\/p>\n<\/dd>\n<dt id=\"nem%20cser%C3%A9l%C5%91dtek%20meg%20a%20nevek%20a%20p%C3%A9nzt%C3%A1r%20oldalon.\">\n<h3>Nem cser\u00e9l\u0151dtek meg a nevek a P\u00e9nzt\u00e1r oldalon.<\/h3>\n<\/dt>\n<dd>\n<p>El\u0151sz\u00f6r t\u00f6r\u00f6ld a szerver oldali \u00e9s a b\u00f6ng\u00e9sz\u0151 gyors\u00edt\u00f3t\u00e1r\u00e1t \u00e9s friss\u00edtsd az oldalt! Gy\u0151z\u0151dj meg r\u00f3la, hogy esetleg m\u00e1s b\u0151v\u00edtm\u00e9ny nem okoz-e konfliktust! Ha a ford\u00edt\u00e1st m\u00f3dos\u00edtottad, az is lehet probl\u00e9ma. Illetve a sablonok is tartalmazhatnak olyan egyedi k\u00f3dokat, amivel ez a funkci\u00f3 fel\u00fcl\u00edrhat\u00f3.<\/p>\n<p>Figyelem! A nevek cser\u00e9je csak akkor t\u00f6rt\u00e9nik meg, ha magyar nyelvre van \u00e1ll\u00edtva a web\u00e1ruh\u00e1z.<\/p>\n<\/dd>\n<\/dl>\n<\/div>\n<div id=\"tab-reviews\" class=\"plugin-reviews section\">\n<h2 id=\"reviews-header\">Reviews<\/h2>\n<div class=\"plugin-reviews\">\n<article class=\"plugin-review\">\n<div class=\"review-avatar\">\n\t\t\t\t\t\t<img decoding=\"async\" alt=\"\" src=\"https:\/\/secure.gravatar.com\/avatar\/ff2e6d580626e308220ec44916137a20ebec231d7d3ead9a6287d7a52feaccea?s=60&amp;d=retro&amp;r=g\" srcset=\"https:\/\/secure.gravatar.com\/avatar\/ff2e6d580626e308220ec44916137a20ebec231d7d3ead9a6287d7a52feaccea?s=120&amp;d=retro&amp;r=g 2x\" class=\"avatar avatar-60 photo\" height=\"60\" width=\"60\">\t\t\t\t\t<\/div>\n<div class=\"review\">\n<header>\n<div class=\"header-top\">\n<div class=\"wporg-ratings\" aria-label=\"5 out of 5 stars\" data-title-template=\"%s out of 5 stars\" data-rating=\"5\" style=\"color:#ffb900;\"><span class=\"dashicons dashicons-star-filled\"><\/span><span class=\"dashicons dashicons-star-filled\"><\/span><span class=\"dashicons dashicons-star-filled\"><\/span><span class=\"dashicons dashicons-star-filled\"><\/span><span class=\"dashicons dashicons-star-filled\"><\/span><\/div>\n<h3 class=\"review-title\"><a target=\"_blank\" class=\"url\" href=\"https:\/\/wordpress.org\/support\/topic\/remeg-plugin-kivalo-support\/\" rel=\"noopener\">Remek plugin, kiv\u00e1l\u00f3 support<\/a><\/h3>\n<\/p><\/div>\n<div class=\"header-bottom\">\n\t\t\t\t\t\t\t\t<span class=\"review-author author vcard\"><a target=\"_blank\" href=\"https:\/\/profiles.wordpress.org\/gaborpalko\/\" title=\"Posts by paleszp\" rel=\"author noopener\">paleszp<\/a><\/span><br \/>\n\t\t\t\t\t\t\t\t<span class=\"review-date\">December 1, 2023<\/span><br \/>\n\t\t\t\t\t\t\t\t\t\t\t\t\t\t\t\t<span class=\"review-replies\">1 reply<\/span>\n\t\t\t\t\t\t\t\t\t\t\t\t\t\t\t<\/div>\n<\/header>\n<div class=\"review-content\">Megold\u00e1s a sok (f\u0151leg) magyar ter\u00fcleten elv\u00e1rt ideges\u00edt\u0151 apr\u00f3s\u00e1gra, amit \u201cegy kattint\u00e1ssal megold\u201d. N\u00e9lk\u00fcl\u00f6zhetetlen.Nagyon gyors \u00e9s hat\u00e9kony t\u00e1mogat\u00e1ssal m\u00e9g a free verzi\u00f3hoz is.<\/div>\n<\/p><\/div>\n<\/article>\n<article class=\"plugin-review\">\n<div class=\"review-avatar\">\n\t\t\t\t\t\t<img decoding=\"async\" alt=\"\" src=\"https:\/\/secure.gravatar.com\/avatar\/0048fbea39f728ba5641a0c3af0576a0560b182cdf8d14afa2d561ed986778e0?s=60&amp;d=retro&amp;r=g\" srcset=\"https:\/\/secure.gravatar.com\/avatar\/0048fbea39f728ba5641a0c3af0576a0560b182cdf8d14afa2d561ed986778e0?s=120&amp;d=retro&amp;r=g 2x\" class=\"avatar avatar-60 photo\" height=\"60\" width=\"60\">\t\t\t\t\t<\/div>\n<div class=\"review\">\n<header>\n<div class=\"header-top\">\n<div class=\"wporg-ratings\" aria-label=\"5 out of 5 stars\" data-title-template=\"%s out of 5 stars\" data-rating=\"5\" style=\"color:#ffb900;\"><span class=\"dashicons dashicons-star-filled\"><\/span><span class=\"dashicons dashicons-star-filled\"><\/span><span class=\"dashicons dashicons-star-filled\"><\/span><span class=\"dashicons dashicons-star-filled\"><\/span><span class=\"dashicons dashicons-star-filled\"><\/span><\/div>\n<h3 class=\"review-title\"><a target=\"_blank\" class=\"url\" href=\"https:\/\/wordpress.org\/support\/topic\/ha-tobb-bevetelt-szeretnel-a-webshopodnak-akkor-ajanlom\/\" rel=\"noopener\">Ha t\u00f6bb bev\u00e9telt szeretn\u00e9l a webshopodnak, akkor aj\u00e1nlom!<\/a><\/h3>\n<\/p><\/div>\n<div class=\"header-bottom\">\n\t\t\t\t\t\t\t\t<span class=\"review-author author vcard\"><a target=\"_blank\" href=\"https:\/\/profiles.wordpress.org\/tartalomdesign\/\" title=\"Posts by tartalomdesign\" rel=\"author noopener\">tartalomdesign<\/a><\/span><br \/>\n\t\t\t\t\t\t\t\t<span class=\"review-date\">December 12, 2022<\/span><br \/>\n\t\t\t\t\t\t\t\t\t\t\t\t\t\t\t\t<span class=\"review-replies\">1 reply<\/span>\n\t\t\t\t\t\t\t\t\t\t\t\t\t\t\t<\/div>\n<\/header>\n<div class=\"review-content\">Minden Woocommerce web\u00e1ruh\u00e1z tulajdonosnak csak aj\u00e1nlani tudom! Sokkal szem\u00e9lyre szabottabb\u00e1 teszi a v\u00e1s\u00e1rl\u00e1si folyamatot, ez\u00e1ltal jobban optimliz\u00e1lt lesz a webshop. Ez nagyban hozz\u00e1j\u00e1rul a v\u00e1s\u00e1rl\u00e1sok sz\u00e1m\u00e1hoz, teh\u00e1t a c\u00e9gek bev\u00e9tel\u00e9hez. Ha r\u00f6viden akarn\u00e1m \u00f6sszefoglalni: fejleszt\u00e9st nem ig\u00e9nyl\u0151, praktikus \u00e9s n\u00e9lk\u00fcl\u00f6zhetetlen megold\u00e1sok. Ez a HuCommerce.<\/div>\n<\/p><\/div>\n<\/article>\n<article class=\"plugin-review\">\n<div class=\"review-avatar\">\n\t\t\t\t\t\t<img decoding=\"async\" alt=\"\" src=\"https:\/\/secure.gravatar.com\/avatar\/cd3dd66d0c6d29611da21951abd59f8eb18cc3b597b81ed580b1e019f2a466b8?s=60&amp;d=retro&amp;r=g\" srcset=\"https:\/\/secure.gravatar.com\/avatar\/cd3dd66d0c6d29611da21951abd59f8eb18cc3b597b81ed580b1e019f2a466b8?s=120&amp;d=retro&amp;r=g 2x\" class=\"avatar avatar-60 photo\" height=\"60\" width=\"60\">\t\t\t\t\t<\/div>\n<div class=\"review\">\n<header>\n<div class=\"header-top\">\n<div class=\"wporg-ratings\" aria-label=\"5 out of 5 stars\" data-title-template=\"%s out of 5 stars\" data-rating=\"5\" style=\"color:#ffb900;\"><span class=\"dashicons dashicons-star-filled\"><\/span><span class=\"dashicons dashicons-star-filled\"><\/span><span class=\"dashicons dashicons-star-filled\"><\/span><span class=\"dashicons dashicons-star-filled\"><\/span><span class=\"dashicons dashicons-star-filled\"><\/span><\/div>\n<h3 class=\"review-title\"><a target=\"_blank\" class=\"url\" href=\"https:\/\/wordpress.org\/support\/topic\/hianypotlo-3\/\" rel=\"noopener\">Hi\u00e1nyp\u00f3tl\u00f3!<\/a><\/h3>\n<\/p><\/div>\n<div class=\"header-bottom\">\n\t\t\t\t\t\t\t\t<span class=\"review-author author vcard\"><a target=\"_blank\" href=\"https:\/\/profiles.wordpress.org\/manubaba\/\" title=\"Posts by manubaba\" rel=\"author noopener\">manubaba<\/a><\/span><br \/>\n\t\t\t\t\t\t\t\t<span class=\"review-date\">October 10, 2022<\/span><br \/>\n\t\t\t\t\t\t\t\t\t\t\t\t\t\t\t\t<span class=\"review-replies\">1 reply<\/span>\n\t\t\t\t\t\t\t\t\t\t\t\t\t\t\t<\/div>\n<\/header>\n<div class=\"review-content\">Nagyon hasznos, k\u00f6sz\u00f6nj\u00fck!<\/div>\n<\/p><\/div>\n<\/article>\n<article class=\"plugin-review\">\n<div class=\"review-avatar\">\n\t\t\t\t\t\t<img loading=\"lazy\" decoding=\"async\" alt=\"\" src=\"https:\/\/secure.gravatar.com\/avatar\/1494c1f06cc66898678e17fb3c71f8fb08dec0551f0a8a61c1597d9a7a09677a?s=60&amp;d=retro&amp;r=g\" srcset=\"https:\/\/secure.gravatar.com\/avatar\/1494c1f06cc66898678e17fb3c71f8fb08dec0551f0a8a61c1597d9a7a09677a?s=120&amp;d=retro&amp;r=g 2x\" class=\"avatar avatar-60 photo\" height=\"60\" width=\"60\">\t\t\t\t\t<\/div>\n<div class=\"review\">\n<header>\n<div class=\"header-top\">\n<div class=\"wporg-ratings\" aria-label=\"5 out of 5 stars\" data-title-template=\"%s out of 5 stars\" data-rating=\"5\" style=\"color:#ffb900;\"><span class=\"dashicons dashicons-star-filled\"><\/span><span class=\"dashicons dashicons-star-filled\"><\/span><span class=\"dashicons dashicons-star-filled\"><\/span><span class=\"dashicons dashicons-star-filled\"><\/span><span class=\"dashicons dashicons-star-filled\"><\/span><\/div>\n<h3 class=\"review-title\"><a target=\"_blank\" class=\"url\" href=\"https:\/\/wordpress.org\/support\/topic\/nagyon-hasznos-kiegeszito\/\" rel=\"noopener\">Nagyon hasznos kieg\u00e9sz\u00edt\u0151<\/a><\/h3>\n<\/p><\/div>\n<div class=\"header-bottom\">\n\t\t\t\t\t\t\t\t<span class=\"review-author author vcard\"><a target=\"_blank\" href=\"https:\/\/profiles.wordpress.org\/mrdarkside\/\" title=\"Posts by Gergely Cs\u00e9csey\" rel=\"author noopener\">Gergely Cs\u00e9csey<\/a><\/span><br \/>\n\t\t\t\t\t\t\t\t<span class=\"review-date\">August 11, 2022<\/span><br \/>\n\t\t\t\t\t\t\t\t\t\t\t\t\t\t\t\t<span class=\"review-replies\">1 reply<\/span>\n\t\t\t\t\t\t\t\t\t\t\t\t\t\t\t<\/div>\n<\/header>\n<div class=\"review-content\">Nagyon tetszik, hogy a kieg\u00e9sz\u00edt\u0151 tulajdonk\u00e9ppen sok apr\u00f3 hasznos script gy\u0171jtem\u00e9nye, ezek egy\u00fctt t\u00e9nyleg nagyban megk\u00f6nny\u00edtik a magyarorsz\u00e1gi webshop \u00fczemeltet\u00e9st. \ud83d\ude42<\/div>\n<\/p><\/div>\n<\/article>\n<article class=\"plugin-review\">\n<div class=\"review-avatar\">\n\t\t\t\t\t\t<img loading=\"lazy\" decoding=\"async\" alt=\"\" src=\"https:\/\/secure.gravatar.com\/avatar\/ccfb3bb893e93b830a7a671e5d8792bd2b25d5566583cf8e1be54ee15ed34d66?s=60&amp;d=retro&amp;r=g\" srcset=\"https:\/\/secure.gravatar.com\/avatar\/ccfb3bb893e93b830a7a671e5d8792bd2b25d5566583cf8e1be54ee15ed34d66?s=120&amp;d=retro&amp;r=g 2x\" class=\"avatar avatar-60 photo\" height=\"60\" width=\"60\">\t\t\t\t\t<\/div>\n<div class=\"review\">\n<header>\n<div class=\"header-top\">\n<div class=\"wporg-ratings\" aria-label=\"5 out of 5 stars\" data-title-template=\"%s out of 5 stars\" data-rating=\"5\" style=\"color:#ffb900;\"><span class=\"dashicons dashicons-star-filled\"><\/span><span class=\"dashicons dashicons-star-filled\"><\/span><span class=\"dashicons dashicons-star-filled\"><\/span><span class=\"dashicons dashicons-star-filled\"><\/span><span class=\"dashicons dashicons-star-filled\"><\/span><\/div>\n<h3 class=\"review-title\"><a target=\"_blank\" class=\"url\" href=\"https:\/\/wordpress.org\/support\/topic\/tokeletes-17\/\" rel=\"noopener\">T\u00f6k\u00e9letes<\/a><\/h3>\n<\/p><\/div>\n<div class=\"header-bottom\">\n\t\t\t\t\t\t\t\t<span class=\"review-author author vcard\"><a target=\"_blank\" href=\"https:\/\/profiles.wordpress.org\/jocek\/\" title=\"Posts by jocek\" rel=\"author noopener\">jocek<\/a><\/span><br \/>\n\t\t\t\t\t\t\t\t<span class=\"review-date\">April 6, 2021<\/span><br \/>\n\t\t\t\t\t\t\t\t\t\t\t\t\t\t\t\t<span class=\"review-replies\">1 reply<\/span>\n\t\t\t\t\t\t\t\t\t\t\t\t\t\t\t<\/div>\n<\/header>\n<div class=\"review-content\">Magyar woocommerce web\u00e1ruh\u00e1zaknak megk\u00f6nny\u00edti az \u00e9let\u00e9t!<\/div>\n<\/p><\/div>\n<\/article>\n<article class=\"plugin-review\">\n<div class=\"review-avatar\">\n\t\t\t\t\t\t<img loading=\"lazy\" decoding=\"async\" alt=\"\" src=\"https:\/\/secure.gravatar.com\/avatar\/22987d87d799b34cc66ff8b05253819ee24920aff26a677b1265c8b0fa7d0195?s=60&amp;d=retro&amp;r=g\" srcset=\"https:\/\/secure.gravatar.com\/avatar\/22987d87d799b34cc66ff8b05253819ee24920aff26a677b1265c8b0fa7d0195?s=120&amp;d=retro&amp;r=g 2x\" class=\"avatar avatar-60 photo\" height=\"60\" width=\"60\">\t\t\t\t\t<\/div>\n<div class=\"review\">\n<header>\n<div class=\"header-top\">\n<div class=\"wporg-ratings\" aria-label=\"5 out of 5 stars\" data-title-template=\"%s out of 5 stars\" data-rating=\"5\" style=\"color:#ffb900;\"><span class=\"dashicons dashicons-star-filled\"><\/span><span class=\"dashicons dashicons-star-filled\"><\/span><span class=\"dashicons dashicons-star-filled\"><\/span><span class=\"dashicons dashicons-star-filled\"><\/span><span class=\"dashicons dashicons-star-filled\"><\/span><\/div>\n<h3 class=\"review-title\"><a target=\"_blank\" class=\"url\" href=\"https:\/\/wordpress.org\/support\/topic\/koszi\/\" rel=\"noopener\">K\u00f6szi<\/a><\/h3>\n<\/p><\/div>\n<div class=\"header-bottom\">\n\t\t\t\t\t\t\t\t<span class=\"review-author author vcard\"><a target=\"_blank\" href=\"https:\/\/profiles.wordpress.org\/mahone\/\" title=\"Posts by mahone\" rel=\"author noopener\">mahone<\/a><\/span><br \/>\n\t\t\t\t\t\t\t\t<span class=\"review-date\">February 19, 2021<\/span><br \/>\n\t\t\t\t\t\t\t\t\t\t\t\t\t\t\t\t<span class=\"review-replies\">1 reply<\/span>\n\t\t\t\t\t\t\t\t\t\t\t\t\t\t\t<\/div>\n<\/header>\n<div class=\"review-content\">K\u00f6sz\u00f6n\u00f6m a b\u0151v\u00edtm\u00e9nyt, szuper!<\/div>\n<\/p><\/div>\n<\/article><\/div>\n<p>\t\t<a target=\"_blank\" class=\"reviews-link\" href=\"https:\/\/wordpress.org\/support\/plugin\/surbma-magyar-woocommerce\/reviews\/\" rel=\"noopener\"><br \/>\n\t\t\tRead all 29 reviews\t\t<\/a><\/div>\n<div id=\"tab-developers\" class=\"plugin-developers section\">\n<h2 id=\"developers-header\">Contributors &amp; Developers<\/h2>\n<div class=\"plugin-contributors\">\n<p>\u201cHuCommerce | Magyar WooCommerce kieg\u00e9sz\u00edt\u00e9sek\u201d is open source software. The following people have contributed to this plugin.<\/p>\n<p><span class=\"screen-reader-text\">Contributors<\/span><\/p>\n<ul id=\"contributors-list\" class=\"contributors-list\">\n<li>\n\t\t\t\t<img loading=\"lazy\" decoding=\"async\" alt=\"\" src=\"https:\/\/secure.gravatar.com\/avatar\/a166cdf71b4276f643ccb097340dc7926699eaa512770f8141e9bb11b811f19d?s=32&amp;d=mm&amp;r=g\" srcset=\"https:\/\/secure.gravatar.com\/avatar\/a166cdf71b4276f643ccb097340dc7926699eaa512770f8141e9bb11b811f19d?s=64&amp;d=mm&amp;r=g 2x\" class=\"avatar avatar-32 photo\" height=\"32\" width=\"32\">\t\t\t\t<a target=\"_blank\" href=\"https:\/\/profiles.wordpress.org\/surbma\/\" rel=\"noopener\"><br \/>\n\t\t\t\t\tSurbma\t\t\t\t<\/a>\n\t\t\t<\/li>\n<li>\n\t\t\t\t<img loading=\"lazy\" decoding=\"async\" alt=\"\" src=\"https:\/\/secure.gravatar.com\/avatar\/40398921b5ededbf5fc1b28227f1f62915011aefe27f5e477dfdee8054d99dff?s=32&amp;d=mm&amp;r=g\" srcset=\"https:\/\/secure.gravatar.com\/avatar\/40398921b5ededbf5fc1b28227f1f62915011aefe27f5e477dfdee8054d99dff?s=64&amp;d=mm&amp;r=g 2x\" class=\"avatar avatar-32 photo\" height=\"32\" width=\"32\">\t\t\t\t<a target=\"_blank\" href=\"https:\/\/profiles.wordpress.org\/cherrypickstudios\/\" rel=\"noopener\"><br \/>\n\t\t\t\t\tCherryPick Studios\t\t\t\t<\/a>\n\t\t\t<\/li>\n<li>\n\t\t\t\t<img loading=\"lazy\" decoding=\"async\" alt=\"\" src=\"https:\/\/secure.gravatar.com\/avatar\/0a4835579bbce73e5bb38cb817b892d8910ace9307b46ea97d9c0777c56d66c7?s=32&amp;d=mm&amp;r=g\" srcset=\"https:\/\/secure.gravatar.com\/avatar\/0a4835579bbce73e5bb38cb817b892d8910ace9307b46ea97d9c0777c56d66c7?s=64&amp;d=mm&amp;r=g 2x\" class=\"avatar avatar-32 photo\" height=\"32\" width=\"32\">\t\t\t\t<a target=\"_blank\" href=\"https:\/\/profiles.wordpress.org\/xnagyg\/\" rel=\"noopener\"><br \/>\n\t\t\t\t\txnagyg\t\t\t\t<\/a>\n\t\t\t<\/li>\n<\/ul><\/div>\n<div class=\"plugin-development\">\n<p>\u201cHuCommerce | Magyar WooCommerce kieg\u00e9sz\u00edt\u00e9sek\u201d has been translated into 1 locale. Thank you to <a target=\"_blank\" href=\"https:\/\/translate.wordpress.org\/projects\/wp-plugins\/surbma-magyar-woocommerce\/contributors\" rel=\"noopener\">the translators<\/a> for their contributions.<\/p>\n<p><a target=\"_blank\" href=\"https:\/\/translate.wordpress.org\/projects\/wp-plugins\/surbma-magyar-woocommerce\" rel=\"noopener\">Translate \u201cHuCommerce | Magyar WooCommerce kieg\u00e9sz\u00edt\u00e9sek\u201d into your language.<\/a><\/p>\n<h3>Interested in development?<\/h3>\n<p><a target=\"_blank\" href=\"https:\/\/plugins.trac.wordpress.org\/browser\/surbma-magyar-woocommerce\/\" rel=\"noopener\" class=\"broken_link\">Browse the code<\/a>, check out the <a target=\"_blank\" href=\"https:\/\/plugins.svn.wordpress.org\/surbma-magyar-woocommerce\/\" rel=\"noopener\">SVN repository<\/a>, or subscribe to the <a target=\"_blank\" href=\"https:\/\/plugins.trac.wordpress.org\/log\/surbma-magyar-woocommerce\/\" rel=\"noopener\" class=\"broken_link\">development log<\/a> by <a target=\"_blank\" href=\"https:\/\/plugins.trac.wordpress.org\/log\/surbma-magyar-woocommerce\/?limit=100&amp;mode=stop_on_copy&amp;format=rss\" rel=\"noopener\" class=\"broken_link\">RSS<\/a>.<\/p>\n<\/div>\n<\/div>\n<div id=\"tab-changelog\" class=\"plugin-changelog section\">\n<h2 id=\"changelog-header\">Changelog<\/h2>\n<h4>2024.4.0<\/h4>\n<p><strong>Kiad\u00e1s d\u00e1tuma: 2024-11-19<\/strong><\/p>\n<p>Ez egy kisebb, gyors kiad\u00e1s, mivel a WordPress 6.7 verzi\u00f3 szigor\u00fabb a ford\u00edt\u00e1sokat kezel\u0151 megh\u00edv\u00e1sra. Ez\u00e9rt a friss\u00edt\u00e9s mindenk\u00e9ppen aj\u00e1nlott! A Katal\u00f3gus m\u00f3d pedig kieg\u00e9sz\u00fclt egy \u00faj funkci\u00f3val, hogy az \u00e1rakat meg lehessen ak\u00e1r jelen\u00edteni.<\/p>\n<p>KATAL\u00d3GUS M\u00d3D<\/p>\n<ul>\n<li>\u00daj be\u00e1ll\u00edt\u00e1s, hogy az \u00e1rak megjelenjenek-e \u00e9s hol jelenjenek meg.<\/li>\n<\/ul>\n<p>JAV\u00cdT\u00c1S<\/p>\n<ul>\n<li>A textdomain megfelel\u0151 id\u0151ben t\u00f6rt\u00e9n\u0151 megh\u00edv\u00e1sa.<\/li>\n<li>Hi\u00e1nyz\u00f3 ford\u00edt\u00e1s hozz\u00e1ad\u00e1sa.<\/li>\n<\/ul>\n<p>EGY\u00c9B<\/p>\n<ul>\n<li>Az Ingyenes sz\u00e1ll\u00edt\u00e1s \u00e9rtes\u00edt\u00e9s is megkapta a Kos\u00e1r c\u00edmk\u00e9t a HuCommerce Modulok men\u00fcpont alatt.<\/li>\n<li>A WooCommerce f\u00fcgg\u0151s\u00e9g megad\u00e1sa a b\u0151v\u00edtm\u00e9ny meta adataiban.<\/li>\n<li>Kompatibilit\u00e1s ellen\u0151rz\u00e9se a WordPress 6.7 verzi\u00f3val.<\/li>\n<li>Kompatibilit\u00e1s ellen\u0151rz\u00e9se a WooCommerce 9.4 verzi\u00f3val.<\/li>\n<\/ul>\n<h4>2024.3.0<\/h4>\n<p><strong>Kiad\u00e1s d\u00e1tuma: 2024-08-08<\/strong><\/p>\n<p>JOGI MEGFELEL\u00c9S<\/p>\n<ul>\n<li>A WooCommerce saj\u00e1t Adatkezel\u00e9si t\u00e1j\u00e9koztat\u00f3 \u00e9s \u00c1ltal\u00e1nos szerz\u0151d\u00e9si felt\u00e9telek mez\u0151inek az elrejt\u00e9se a P\u00e9nzt\u00e1r oldalon, ha a Jogi megfelel\u00e9s modul akt\u00edv.<\/li>\n<li>\u00daj sz\u00f6veg mez\u0151 a P\u00e9nzt\u00e1r oldalon, ami a jogi szakasz elnevez\u00e9se alatt jelenik meg. Ez haszn\u00e1lhat\u00f3 egy r\u00f6vid jogi sz\u00f6veg megjelen\u00edt\u00e9s\u00e9re.<\/li>\n<\/ul>\n<h4>2024.2.0<\/h4>\n<p><strong>Kiad\u00e1s d\u00e1tuma: 2024-08-06<\/strong><\/p>\n<p>FORD\u00cdT\u00c1SOK PR\u00c9MIUM B\u0150V\u00cdTM\u00c9NYEKHEZ \u00c9S SABLONOKHOZ<\/p>\n<ul>\n<li>\u00daj Pro modul, ami magyar ford\u00edt\u00e1sokat ad a legn\u00e9pszer\u0171bb pr\u00e9mium b\u0151v\u00edtm\u00e9nyekhez \u00e9s sablonokhoz.<\/li>\n<\/ul>\n<p>FORD\u00cdT\u00c1SI HI\u00c1NYOSS\u00c1GOK JAV\u00cdT\u00c1SA<\/p>\n<ul>\n<li>A Storefront ford\u00edt\u00e1s jav\u00edt\u00e1s\u00e1nak a t\u00f6rl\u00e9se, mert m\u00e1r nincs r\u00e1 sz\u00fcks\u00e9g.<\/li>\n<\/ul>\n<p>EGY\u00c9B<\/p>\n<ul>\n<li>K\u00f3d optimaliz\u00e1l\u00e1s.<\/li>\n<li>Le\u00edr\u00e1s \u00e9s c\u00edmk\u00e9k m\u00f3dos\u00edt\u00e1sa, hogy megfeleljen a WordPress.org ir\u00e1nyelveinek.<\/li>\n<li>V\u00e1ltoz\u00e1si napl\u00f3 r\u00f6vid\u00edt\u00e9se, hogy megfeleljen a WordPress.org ir\u00e1nyelveinek.<\/li>\n<li>Kompatibilit\u00e1s ellen\u0151rz\u00e9se a WordPress 6.6 verzi\u00f3val.<\/li>\n<li>Kompatibilit\u00e1s ellen\u0151rz\u00e9se a WooCommerce 9.1 verzi\u00f3val.<\/li>\n<\/ul>\n<p>JAV\u00cdT\u00c1S<\/p>\n<ul>\n<li>Licensz oldal jav\u00edt\u00e1sa \u00fcres vagy hib\u00e1s licensz kulcs megad\u00e1sa eset\u00e9n.<\/li>\n<\/ul>\n<h4>2024.1.0<\/h4>\n<p><strong>Kiad\u00e1s d\u00e1tuma: 2024-06-11<\/strong><\/p>\n<p>TERM\u00c9K \u00c1R T\u00d6RT\u00c9NET<\/p>\n<ul>\n<li>Egy felt\u00e9tel optimaliz\u00e1l\u00e1sa, hogy semmik\u00e9ppen se lehessen v\u00e9gzetes hiba.<\/li>\n<\/ul>\n<p>EGY\u00c9B<\/p>\n<ul>\n<li>Maszkol\u00e1s \u00fajra bevezet\u00e9se a licensz kulcshoz.<\/li>\n<li>Kompatibilit\u00e1s ellen\u0151rz\u00e9se a WordPress 6.5 verzi\u00f3val.<\/li>\n<li>Kompatibilit\u00e1s ellen\u0151rz\u00e9se a WooCommerce 8.9 verzi\u00f3val.<\/li>\n<\/ul>\n<h4>2023.3.1<\/h4>\n<p><strong>Kiad\u00e1s d\u00e1tuma: 2024-02-12<\/strong><\/p>\n<p>JAV\u00cdT\u00c1S<\/p>\n<ul>\n<li>A Plusz\/m\u00ednusz mennyis\u00e9gi gombok moduln\u00e1l egy karakter hiba jav\u00edt\u00e1sa.<\/li>\n<\/ul>\n<h4>2023.3.0<\/h4>\n<p><strong>Kiad\u00e1s d\u00e1tuma: 2023-12-31<\/strong><\/p>\n<p>FIZET\u00c9SI M\u00d3DOK KORL\u00c1TOZ\u00c1SA<\/p>\n<ul>\n<li>\u00daj Pro modul, amivel korl\u00e1tozni lehet minden egyes felhaszn\u00e1l\u00f3n\u00e1l az el\u00e9rhet\u0151 fizet\u00e9si m\u00f3dokat.<\/li>\n<\/ul>\n<h4>2023.2.5<\/h4>\n<p><strong>Kiad\u00e1s d\u00e1tuma: 2023-11-30<\/strong><\/p>\n<p>JAV\u00cdT\u00c1S<\/p>\n<ul>\n<li>A Plusz\/m\u00ednusz mennyis\u00e9gi gombok modul ellen\u0151rz\u00e9s\u00e9nek a jav\u00edt\u00e1sa a Kos\u00e1r oldalon.<\/li>\n<\/ul>\n<h4>2023.2.4<\/h4>\n<p><strong>Kiad\u00e1s d\u00e1tuma: 2023-11-29<\/strong><\/p>\n<p>JAV\u00cdT\u00c1S<\/p>\n<ul>\n<li>A Plusz\/m\u00ednusz mennyis\u00e9gi gombok modul ellen\u0151rz\u00e9s\u00e9nek a kib\u0151v\u00edt\u00e9se a Kos\u00e1r oldalon.<\/li>\n<\/ul>\n<h4>2023.2.3<\/h4>\n<p><strong>Kiad\u00e1s d\u00e1tuma: 2023-11-29<\/strong><\/p>\n<p>JAV\u00cdT\u00c1S<\/p>\n<ul>\n<li>A Plusz\/m\u00ednusz mennyis\u00e9gi gombok modul jav\u00edt\u00e1sa a Kos\u00e1r oldalon.<\/li>\n<\/ul>\n<h4>2023.2.2<\/h4>\n<p><strong>Kiad\u00e1s d\u00e1tuma: 2023-11-28<\/strong><\/p>\n<p>JAV\u00cdT\u00c1S<\/p>\n<ul>\n<li>A Plusz\/m\u00ednusz mennyis\u00e9gi gombok modul jav\u00edt\u00e1sa, hogy 1 darabos rendel\u00e9sn\u00e9l ne jelenjenek meg.<\/li>\n<\/ul>\n<p>EGY\u00c9B<\/p>\n<ul>\n<li>Kompatibilit\u00e1s ellen\u0151rz\u00e9se a WooCommerce 8.3 verzi\u00f3val.<\/li>\n<\/ul>\n<h4>2023.2.1<\/h4>\n<p><strong>Kiad\u00e1s d\u00e1tuma: 2023-11-08<\/strong><\/p>\n<p>Kisebb jav\u00edt\u00e1sok \u00e9s a k\u00f3dok optimaliz\u00e1l\u00e1sa. Nincs \u00faj funkci\u00f3, a friss\u00edt\u00e9s biztons\u00e1gos \u00e9s mindenk\u00e9ppen aj\u00e1nlott.<\/p>\n<p>AD\u00d3SZ\u00c1M MEGJELEN\u00cdT\u00c9SE<\/p>\n<ul>\n<li>K\u00f3d optimaliz\u00e1l\u00e1s.<\/li>\n<\/ul>\n<p>P\u00c9NZT\u00c1R OLDAL M\u00d3DOS\u00cdT\u00c1SOK<\/p>\n<ul>\n<li>JavaScript k\u00f3dok sorrendj\u00e9nek m\u00f3dos\u00edt\u00e1sa.<\/li>\n<li>K\u00f3d optimaliz\u00e1l\u00e1s.<\/li>\n<li>C\u00e9gn\u00e9v \u00e9s Ad\u00f3sz\u00e1m mez\u0151k elrejt\u00e9se opci\u00f3 jav\u00edt\u00e1sa a C\u00e9ges sz\u00e1ml\u00e1z\u00e1si adatok felt\u00e9teles megjelen\u00edt\u00e9se eset\u00e9n.<\/li>\n<\/ul>\n<p>EGY\u00c9B<\/p>\n<ul>\n<li>Ford\u00edt\u00e1sok jav\u00edt\u00e1sa az admin fel\u00fcleten.<\/li>\n<li>B\u0151v\u00edtm\u00e9ny le\u00edr\u00e1s jav\u00edt\u00e1sa.<\/li>\n<li>Kompatibilit\u00e1s ellen\u0151rz\u00e9se a WordPress 6.4 verzi\u00f3val.<\/li>\n<\/ul>\n<h4>2023.2.0<\/h4>\n<p><strong>Kiad\u00e1s d\u00e1tuma: 2023-11-06<\/strong><\/p>\n<p>\u00dajabb nagy kiad\u00e1s t\u00f6bb \u00faj funkci\u00f3val \u00e9s rengeteg jav\u00edt\u00e1ssal. \u00daj ingyenes modullal b\u0151v\u00fclt a k\u00edn\u00e1lat, amivel a katal\u00f3gus m\u00f3d aktiv\u00e1lhat\u00f3, ha az \u00e9rt\u00e9kes\u00edt\u00e9shez kapcsol\u00f3d\u00f3 funkci\u00f3kat ki szeretn\u00e9d kapcsolni. A P\u00e9nzt\u00e1r oldalon pedig egy \u00faj opci\u00f3val a C\u00e9gn\u00e9v \u00e9s Ad\u00f3sz\u00e1m mez\u0151ket elrejtheted a nem magyarorsz\u00e1gi sz\u00e1ml\u00e1z\u00e1si c\u00edm eset\u00e9n.<\/p>\n<p>Figyelem! A HuCommerce Kos\u00e1r \u00e9s P\u00e9nzt\u00e1r oldalakhoz kapcsol\u00f3d\u00f3 moduljai k\u00f6z\u00fcl nem mind kompatibilis az \u00faj blokkokkal.<\/p>\n<ul>\n<li>\u00daj modul: Katal\u00f3gus m\u00f3d<\/li>\n<\/ul>\n<p>LICENSZ KEZEL\u00c9S<\/p>\n<ul>\n<li>Az API kulcs kezel\u00e9s\u00e9nek a m\u00f3dos\u00edt\u00e1sa.<\/li>\n<li>K\u00f3dok optimaliz\u00e1l\u00e1sa.<\/li>\n<\/ul>\n<p>P\u00c9NZT\u00c1R OLDAL M\u00d3DOS\u00cdT\u00c1SOK<\/p>\n<ul>\n<li>\u00daj opci\u00f3: C\u00e9gn\u00e9v \u00e9s Ad\u00f3sz\u00e1m mez\u0151k elrejt\u00e9se, ha a sz\u00e1ml\u00e1z\u00e1si orsz\u00e1g nem Magyarorsz\u00e1g<\/li>\n<\/ul>\n<p>TERM\u00c9K \u00c1R T\u00d6RT\u00c9NET<\/p>\n<ul>\n<li>K\u00f3d optimaliz\u00e1l\u00e1sa.<\/li>\n<li>Hiba\u00fczenet hozz\u00e1ad\u00e1sa a term\u00e9k azonos\u00edt\u00f3 hi\u00e1nya eset\u00e9n.<\/li>\n<\/ul>\n<p>EGY\u00c9B<\/p>\n<ul>\n<li>HuCommerce be\u00e1ll\u00edt\u00e1sok megjelen\u00e9s\u00e9nek a finom\u00edt\u00e1sai.<\/li>\n<li>Hi\u00e1nyz\u00f3 ford\u00edt\u00e1sok hozz\u00e1ad\u00e1sa.<\/li>\n<li>Megjelen\u00edt\u00e9s igaz\u00edt\u00e1sa a Licensz kezel\u00e9s oldalon.<\/li>\n<li>Ikon m\u00f3dos\u00edt\u00e1sa az admin fel\u00fcleten.<\/li>\n<li>HS Beacon kieg\u00e9sz\u00edt\u00e9se tov\u00e1bbi adatokkal.<\/li>\n<li>CPS SDK friss\u00edt\u00e9se a 8.14.0 verzi\u00f3ra.<\/li>\n<li>WooCommerce inkompatibilit\u00e1s meghat\u00e1roz\u00e1sa: Kos\u00e1r \u00e9s P\u00e9nzt\u00e1r blokkok.<\/li>\n<\/ul>\n<h4>2023.1.0<\/h4>\n<p><strong>Kiad\u00e1s d\u00e1tuma: 2023-07-24<\/strong><\/p>\n<p>Ez egy nagy kiad\u00e1s lett, rengeteg kisebb \u00e9s nagyobb m\u00f3dos\u00edt\u00e1ssal. A legfontosabb v\u00e1ltoz\u00e1s, hogy most m\u00e1r HPOS\/COT kompatibilis lett a HuCommerce is. Az admin fel\u00fcleten \u00faj f\u0151men\u00fcpontot kapott a b\u0151v\u00edtm\u00e9ny, \u00edgy a be\u00e1ll\u00edt\u00e1sok \u00e9s az egy\u00e9b men\u00fcpontok k\u00f6nnyebben el\u00e9rhet\u0151k. A kezel\u0151 fel\u00fclet is teljesen megv\u00e1ltozott, \u00faj, modernebb megjelen\u00e9st kapott, amivel a kezel\u00e9s is egyszer\u0171bb lesz. Vannak \u00faj opci\u00f3k is a modulokhoz, most \u00faj modul nem ker\u00fclt bele ebbe a verzi\u00f3ba. A f\u00f3kusz a k\u00f3dok optimaliz\u00e1l\u00e1s\u00e1n \u00e9s az \u00faj fejleszt\u00e9sek el\u0151k\u00e9sz\u00edt\u00e9s\u00e9n volt. K\u00e9rlek olvasd el a r\u00e9szleteket is, biztosan tal\u00e1lsz sz\u00e1modra is hasznos funkci\u00f3t, v\u00e1ltoztat\u00e1st.<\/p>\n<p>P\u00c9NZT\u00c1R OLDAL M\u00d3DOS\u00cdT\u00c1SOK<\/p>\n<ul>\n<li>\u00daj opci\u00f3: egyedi Megrendel\u00e9s gomb sz\u00f6veg megad\u00e1sa.<\/li>\n<\/ul>\n<p>TERM\u00c9K \u00c1R KIEG\u00c9SZ\u00cdT\u00c9SEK<\/p>\n<ul>\n<li><a target=\"_blank\" href=\"https:\/\/woocommerce.com\/document\/high-performance-order-storage\/\" rel=\"nofollow ugc noopener\">HPOS\/COT<\/a> kompatibilit\u00e1s bevezet\u00e9se.<\/li>\n<\/ul>\n<p>JOGI MEGFELEL\u00c9S<\/p>\n<ul>\n<li><a target=\"_blank\" href=\"https:\/\/woocommerce.com\/document\/high-performance-order-storage\/\" rel=\"nofollow ugc noopener\">HPOS\/COT<\/a> kompatibilit\u00e1s bevezet\u00e9se.<\/li>\n<\/ul>\n<p>AD\u00d3SZ\u00c1M MEGJELEN\u00cdT\u00c9SE<\/p>\n<ul>\n<li>K\u00f3dok \u00e1trendez\u00e9se logikailag.<\/li>\n<li>Minden k\u00f3dhoz le\u00edr\u00e1s hozz\u00e1ad\u00e1sa vagy m\u00f3dos\u00edt\u00e1sa.<\/li>\n<\/ul>\n<p>SZ\u00c1LL\u00cdT\u00c1SI M\u00d3DOK ELREJT\u00c9SE<\/p>\n<ul>\n<li>\u00daj opci\u00f3t kapott a Sz\u00e1ll\u00edt\u00e1si m\u00f3dok elrejt\u00e9se, amivel ez a funkci\u00f3 kikapcsolhat\u00f3, mivel van m\u00e1r m\u00e1s funkci\u00f3 is a modulhoz.<\/li>\n<li>\u00daj funkci\u00f3: sz\u00e1ll\u00edt\u00e1si m\u00f3dok elrejt\u00e9se a kos\u00e1r oldalon.<\/li>\n<\/ul>\n<p>TERM\u00c9K \u00c1R T\u00d6RT\u00c9NET<\/p>\n<ul>\n<li>Shortcode param\u00e9ter \u00e9rt\u00e9k\u00e9nek ellen\u0151rz\u00e9se \u00e9s hib\u00e1s adat eset\u00e9n visszajelz\u00e9s ki\u00edr\u00e1sa.<\/li>\n<li>Shortcode logika \u00e1t\u00edr\u00e1sa, hogy vari\u00e1lhat\u00f3 term\u00e9kek eset\u00e9n is m\u0171k\u00f6dj\u00f6n.<\/li>\n<li>Vari\u00e1lhat\u00f3 term\u00e9k eset\u00e9n k\u00fcl\u00f6n wrapper, hogy a dinamikus megjelen\u00e9st specifikusabban lehessen c\u00e9lozni.<\/li>\n<li>A term\u00e9k v\u00e9goldalakon megjelen\u00edtend\u0151 k\u00f3dok m\u00f3dos\u00edt\u00e1sa, hogy azok k\u00f3dol\u00e1ssal fel\u00fcl\u00edrhat\u00f3k legyenek, ha egyedi megjelen\u00edt\u00e9sre van esetleg sz\u00fcks\u00e9g.<\/li>\n<li>A k\u00f3d indent-\u00e1l\u00e1sa a helyes szintaxis miatt.<\/li>\n<li>A k\u00f3dban a v\u00e1ltoz\u00f3k elnevez\u00e9s\u00e9nek az egys\u00e9ges\u00edt\u00e9se.<\/li>\n<li>A \u201cTerm\u00e9k \u00e1r t\u00f6rt\u00e9net\u201d log-ol\u00e1sa kikapcsolt modul eset\u00e9n is az ingyenes v\u00e1ltozatban is.<\/li>\n<li>K\u00f3d dokument\u00e1l\u00e1s\u00e1nak a jav\u00edt\u00e1sai.<\/li>\n<li>iThemes Security b\u0151v\u00edtm\u00e9ny PHP Execution be\u00e1ll\u00edt\u00e1s\u00e1nak a fel\u00fcl\u00edr\u00e1sa, hogy a product-price-history-display.php f\u00e1jl futtathat\u00f3 legyen.<\/li>\n<li>Term\u00e9k \u00e1r t\u00f6rt\u00e9net ment\u00e9se els\u0151 alkalommal, amikor egy term\u00e9ket szerkeszt\u00fcnk.<\/li>\n<li>R\u00e9szletes statisztika link megjelen\u00edt\u00e9s\u00e9nek a be\u00e1ll\u00edt\u00e1sa glob\u00e1lisan \u00e9s term\u00e9kenk\u00e9nt is, ak\u00e1r vari\u00e1ci\u00f3nk\u00e9nt is.<\/li>\n<li>K\u00fcl\u00f6n sz\u00f6vegek megad\u00e1sa akkor, ha az aktu\u00e1lis kedvezm\u00e9nyes \u00e1r a legalacsonyabb \u00e1r.<\/li>\n<li>Logika optimaliz\u00e1l\u00e1sa a term\u00e9k azonos\u00edt\u00f3 meghat\u00e1roz\u00e1s\u00e1ra.<\/li>\n<li>Logika optimaliz\u00e1l\u00e1sa az akci\u00f3 meghat\u00e1roz\u00e1s\u00e1ra.<\/li>\n<li>K\u00f3d optimaliz\u00e1l\u00e1sa a felt\u00e9telek jobb alkalmaz\u00e1s\u00e1val.<\/li>\n<li>Aktu\u00e1lis kedvezm\u00e9ny sz\u00e1m\u00edt\u00e1sa \u00e9s haszn\u00e1lata.<\/li>\n<li>A r\u00e9szletes statisztika oldalon \u00faj felt\u00e9tel megad\u00e1sa, hogy csak megfelel\u0151 jogosults\u00e1ggal lehessen t\u00f6rl\u00e9si m\u0171veletet v\u00e9grehajtani.<\/li>\n<li>Kis m\u00f3dos\u00edt\u00e1s a sz\u00f6vegez\u00e9sben.<\/li>\n<\/ul>\n<p>MEZ\u0150K \u00c9RT\u00c9K\u00c9NEK ELLEN\u0150RZ\u00c9SE<\/p>\n<ul>\n<li>A \u201cSz\u00e1ll\u00edt\u00e1s m\u00e1sik c\u00edmre\u201d opci\u00f3 ellen\u0151rz\u00e9se, hogy egy\u00e1ltal\u00e1n l\u00e9tezik-e?<\/li>\n<\/ul>\n<p>TERM\u00c9K M\u00d3DOS\u00cdT\u00c1SOK<\/p>\n<ul>\n<li>\u00daj opci\u00f3: K\u00e9p nagy\u00edt\u00e1s kikapcsol\u00e1sa.<\/li>\n<\/ul>\n<p>LICENSZ KEZEL\u00c9S<\/p>\n<ul>\n<li>Whitelist bevezet\u00e9se a saj\u00e1t \u00e9s a Pr\u00e9mium WordPress weboldalakhoz.<\/li>\n<li>A whitelist felt\u00e9tel kib\u0151v\u00edt\u00e9se, hogy lehessen szab\u00e1lyozni fejleszt\u00e9sn\u00e9l.<\/li>\n<li>K\u00f3dok sorrendj\u00e9nek m\u00f3dos\u00edt\u00e1sa az optim\u00e1lis m\u0171k\u00f6d\u00e9s \u00e9rdek\u00e9ben.<\/li>\n<li>\u00daj logika bevezet\u00e9se a sikertelen lek\u00e9r\u00e9s eset\u00e9n, hogy maradjon az el\u0151z\u0151 st\u00e1tusz, am\u00edg sikeres nem lesz a licensz st\u00e1tusz lek\u00e9r\u00e9se.<\/li>\n<li>A Licensz kezel\u00e9shez kapcsol\u00f3d\u00f3 manu\u00e1lis m\u0171veletek csak a Licensz kezel\u00e9s oldalon futnak le.<\/li>\n<li>A glob\u00e1lis v\u00e1ltoz\u00f3k \u00e9rt\u00e9keinek meghat\u00e1roz\u00e1sa \u00faj logik\u00e1val.<\/li>\n<li>K\u00f3dok \u00e1ltal\u00e1nos optimaliz\u00e1l\u00e1sa.<\/li>\n<li>Az API kezel\u00e9s link m\u00f3dos\u00edt\u00e1sa, hogy egyb\u0151l az API kulcsok kezel\u00e9s\u00e9re mutasson.<\/li>\n<\/ul>\n<p>EGY\u00c9B<\/p>\n<ul>\n<li>\u00dcgyf\u00e9lszolg\u00e1lati link m\u00f3dos\u00edt\u00e1sa Pro el\u0151fizet\u0151kn\u00e9l, hogy a Help Scout Beacon-t nyissa meg k\u00f6zvetlen\u00fcl.<\/li>\n<li>A HuCommerce \u00faj f\u0151men\u00fcpontba k\u00f6lt\u00f6z\u00f6tt \u00e9s az egyes men\u00fcpontok almen\u00fcpontk\u00e9nt k\u00f6zvetlen\u00fcl is el\u00e9rhet\u0151ek.<\/li>\n<li>A teljes admin UI \u00e1tdolgoz\u00e1sa.<\/li>\n<li>\u00daj HuCommerce log\u00f3.<\/li>\n<li>Az egyes men\u00fcpontok k\u00fcl\u00f6n oldalra ker\u00fcltek.<\/li>\n<li>Egys\u00e9ges kin\u00e9zet a list\u00e1z\u00e1sokhoz, elemekhez.<\/li>\n<li>A modulokhoz sz\u0171r\u0151k bevezet\u00e9se.<\/li>\n<li>Modul be\u00e1ll\u00edt\u00e1sok felt\u00e9teles megjelen\u00edt\u00e9se.<\/li>\n<li>Ideiglenesen a H\u00edrek \u00e9s Aj\u00e1nlatok men\u00fcpontok t\u00f6rl\u00e9se.<\/li>\n<li>Aj\u00e1nlatok \u00e9s H\u00edrek loop-ok t\u00f6rl\u00e9se az admin Vez\u00e9rl\u0151pult al\u00f3l.<\/li>\n<li><a target=\"_blank\" href=\"https:\/\/woocommerce.com\/document\/high-performance-order-storage\/\" rel=\"nofollow ugc noopener\">HPOS\/COT<\/a> kompatibilit\u00e1s.<\/li>\n<li>\u00daj \u201cHuCommerce Pro megv\u00e1s\u00e1rl\u00e1sa\u201d gomb a HuCommerce be\u00e1ll\u00edt\u00e1sok oldalon a navig\u00e1ci\u00f3n\u00e1l.<\/li>\n<li>A hucommerce.hu oldalra mutat\u00f3 linkek jav\u00edt\u00e1sa.<\/li>\n<li>A Beacon k\u00f3d gener\u00e1l\u00e1sa dinamikus lett.<\/li>\n<li>K\u00fcl\u00f6nb\u00f6z\u0151 felt\u00e9telek megad\u00e1sa az egyes Beacon-\u00f6kh\u00f6z.<\/li>\n<li>Changelog szintaxis m\u00f3dos\u00edt\u00e1sa.<\/li>\n<li>Kompatibilit\u00e1s ellen\u0151rz\u00e9se a WordPress 6.3 verzi\u00f3val.<\/li>\n<li>Kompatibilit\u00e1s ellen\u0151rz\u00e9se a WooCommerce 8.0 verzi\u00f3val.<\/li>\n<li>CPS SDK friss\u00edt\u00e9se a 8.13.0 verzi\u00f3ra.<\/li>\n<\/ul>\n<p><a target=\"_blank\" href=\"https:\/\/www.hucommerce.hu\/changelog\/\" rel=\"nofollow ugc noopener\">HuCommerce teljes v\u00e1ltoz\u00e1si napl\u00f3 <span aria-hidden=\"true\" class=\"wp-exclude-emoji\">\u2192<\/span><\/a><\/p>\n<\/div><\/div>\n<p><!-- .entry-content --><\/p>\n<p>\t<!-- .entry-meta --><br \/>\n<\/article>\n<p><br \/>\n<br \/><a href=\"https:\/\/wordpress.org\/plugins\/surbma-magyar-woocommerce\/\" target=\"_blank\" rel=\"noopener\">Source link <\/a><\/p>","protected":false},"excerpt":{"rendered":"<p>HuCommerce | Magyar WooCommerce kieg\u00e9sz\u00edt\u00e9sek By Surbma Download Details Reviews Installation Development Support Description A WooCommerce a vil\u00e1g \u00e9s most m\u00e1r Magyarorsz\u00e1g legn\u00e9pszer\u0171bb web\u00e1ruh\u00e1z platformja is. A HuCommerce kieg\u00e9sz\u00edt\u0151vel k\u00f6nnyebben \u00e9s gyorsabban ind\u00edthatod a web\u00e1ruh\u00e1zad, mert a legt\u00f6bb fontos funkci\u00f3t \u00e9s fejleszt\u00e9st egy gombnyom\u00e1ssal helyettes\u00edtheted. A HuCommerce b\u0151v\u00edtm\u00e9ny ingyenes v\u00e1ltozata most m\u00e1r \u00e9vek \u00f3ta a [&hellip;]<\/p>","protected":false},"author":323,"featured_media":5222,"comment_status":"open","ping_status":"open","sticky":false,"template":"","format":"standard","meta":{"_acf_changed":false,"give_campaign_id":0,"footnotes":""},"categories":[43,39,40],"tags":[3272,3274,3273,2001],"class_list":["post-5221","post","type-post","status-publish","format-standard","has-post-thumbnail","hentry","category-commercial-plugin","category-lite-version","category-wp-plugin-solution","tag-hucommerce","tag-kiegeszitesek","tag-magyar","tag-woocommerce"],"acf":[],"fifu_image_url":"https:\/\/ps.w.org\/surbma-magyar-woocommerce\/assets\/banner-772x250.jpg?rev=2541312","_links":{"self":[{"href":"https:\/\/s-o-s.net\/en_gb\/wp-json\/wp\/v2\/posts\/5221","targetHints":{"allow":["GET"]}}],"collection":[{"href":"https:\/\/s-o-s.net\/en_gb\/wp-json\/wp\/v2\/posts"}],"about":[{"href":"https:\/\/s-o-s.net\/en_gb\/wp-json\/wp\/v2\/types\/post"}],"author":[{"embeddable":true,"href":"https:\/\/s-o-s.net\/en_gb\/wp-json\/wp\/v2\/users\/323"}],"replies":[{"embeddable":true,"href":"https:\/\/s-o-s.net\/en_gb\/wp-json\/wp\/v2\/comments?post=5221"}],"version-history":[{"count":0,"href":"https:\/\/s-o-s.net\/en_gb\/wp-json\/wp\/v2\/posts\/5221\/revisions"}],"wp:featuredmedia":[{"embeddable":true,"href":"https:\/\/s-o-s.net\/en_gb\/wp-json\/wp\/v2\/media\/5222"}],"wp:attachment":[{"href":"https:\/\/s-o-s.net\/en_gb\/wp-json\/wp\/v2\/media?parent=5221"}],"wp:term":[{"taxonomy":"category","embeddable":true,"href":"https:\/\/s-o-s.net\/en_gb\/wp-json\/wp\/v2\/categories?post=5221"},{"taxonomy":"post_tag","embeddable":true,"href":"https:\/\/s-o-s.net\/en_gb\/wp-json\/wp\/v2\/tags?post=5221"}],"curies":[{"name":"wp","href":"https:\/\/api.w.org\/{rel}","templated":true}]}}